{"id":10658,"date":"2014-12-20T22:12:48","date_gmt":"2014-12-20T21:12:48","guid":{"rendered":"https:\/\/przedszkole.naszabajka.pl\/?p=10658"},"modified":"2016-05-20T10:56:20","modified_gmt":"2016-05-20T08:56:20","slug":"opowiesc-o-zagubionym-bozym-narodzeniu","status":"publish","type":"post","link":"https:\/\/naszabajka.pl\/przedszkole\/2014\/opowiesc-o-zagubionym-bozym-narodzeniu","title":{"rendered":"Opowie\u015b\u0107 o zagubionym BO\u017bYM  NARODZENIU"},"content":{"rendered":"<p>\u015awi\u0119ta Bo\u017cego Narodzenia to najpi\u0119kniejszy czas w&nbsp;\u201eNaszej bajce\u201d.<br \/> W&nbsp;naszym przedszkolu robi si\u0119 w\u00f3wczas jeszcze bardziej czarodziejsko: migaj\u0105ce \u015bwiate\u0142ka w&nbsp;holu i&nbsp;przed budynkiem, \u015bwi\u0105teczne dekoracje, pachn\u0105ce choinki, ciche kol\u0119dy\u2026 i&nbsp;jase\u0142ka, pieczo\u0142owicie i&nbsp;w wielkiej tajemnicy przygotowywane przez&nbsp;nasze starszaki. A&nbsp;wszystko to po&nbsp;to, by magia \u015awi\u0105t udzieli\u0142a si\u0119 nam wszystkim.<br \/>\nTak te\u017c by\u0142o i&nbsp;w tym roku\u2026 Cho\u0107&nbsp;NIE&nbsp;! Tym razem by\u0142o jednak&nbsp;nieco inaczej gdy\u017c nie ogl\u0105dali\u015bmy tradycyjnych jase\u0142ek, a&nbsp;przepi\u0119kn\u0105 i&nbsp;niezwykle barwn\u0105 \u201eOpowie\u015b\u0107 o&nbsp;zagubionym Bo\u017cym Narodzeniu\u201d, stworzon\u0105 od pocz\u0105tku do&nbsp;ko\u0144ca przez&nbsp;pani\u0105 Ani\u0119 Bujak .<br \/> Czy&nbsp;Bo\u017ce Narodzenie mo\u017ce si\u0119 zagubi\u0107?<br \/>\nNiestety TAK! Je\u015bli przestaniemy dba\u0107 o&nbsp;najbli\u017cszych, atmosfer\u0119 przy&nbsp;\u015bwi\u0105tecznym stole, tradycje \u2013 przekazywane z&nbsp;pokolenia na&nbsp;pokolenie, \u017cyczenia maj\u0105ce przecie\u017c sprawcz\u0105 moc\u2026<br \/>\nMo\u017ce w\u0142a\u015bnie dlatego&nbsp;\u201eOpowie\u015b\u0107 o&nbsp;zagubionym Bo\u017cym Narodzeniu\u201d tak bardzo zapad\u0142a nam w&nbsp;pami\u0119\u0107. Warto do&nbsp;niej wr\u00f3ci\u0107 ogl\u0105daj\u0105c wszystkie zdj\u0119cia .<\/p>\n<p>Grupa V<\/p>\nngg_shortcode_0_placeholder\n<p>Grupa VI<\/p>\nngg_shortcode_1_placeholder\n","protected":false},"excerpt":{"rendered":"<p>\u015awi\u0119ta Bo\u017cego Narodzenia to najpi\u0119kniejszy czas w&nbsp;\u201eNaszej bajce\u201d. W&nbsp;naszym przedszkolu robi si\u0119 w\u00f3wczas jeszcze bardziej czarodziejsko: migaj\u0105ce \u015bwiate\u0142ka w&nbsp;holu i&nbsp;przed budynkiem, \u015bwi\u0105teczne dekoracje, pachn\u0105ce choinki, ciche kol\u0119dy\u2026 i&nbsp;jase\u0142ka, pieczo\u0142owicie i&nbsp;w &#8230; <\/p>\n<p class=\"read-more-container\"><a title=\"Opowie\u015b\u0107 o zagubionym BO\u017bYM  NARODZENIU\" class=\"read-more button\" href=\"https:\/\/naszabajka.pl\/przedszkole\/2014\/opowiesc-o-zagubionym-bozym-narodzeniu#more-10658\">Czytaj dalej<span class=\"screen-reader-text\">Opowie\u015b\u0107 o zagubionym BO\u017bYM  NARODZENIU<\/span><\/a><\/p>\n","protected":false},"author":27,"featured_media":10659,"comment_status":"open","ping_status":"open","sticky":false,"template":"","format":"standard","meta":{"ngg_post_thumbnail":0,"footnotes":""},"categories":[27],"tags":[],"class_list":["post-10658","post","type-post","status-publish","format-standard","has-post-thumbnail","hentry","category-wydarzenia","generate-columns","tablet-grid-50","mobile-grid-100","grid-parent","grid-33"],"aioseo_notices":[],"aioseo_head":"\n\t\t<!-- All in One SEO 4.9.10 - aioseo.com -->\n\t<meta name=\"description\" content=\"\u015awi\u0119ta Bo\u017cego Narodzenia to najpi\u0119kniejszy czas w \u201eNaszej bajce\u201d. W naszym przedszkolu robi si\u0119 w\u00f3wczas jeszcze bardziej czarodziejsko: migaj\u0105ce \u015bwiate\u0142ka w holu i przed budynkiem, \u015bwi\u0105teczne dekoracje, pachn\u0105ce choinki, ciche kol\u0119dy\u2026 i jase\u0142ka, pieczo\u0142owicie i w wielkiej tajemnicy przygotowywane przez nasze starszaki. A wszystko to po to, by magia \u015awi\u0105t udzieli\u0142a si\u0119 nam wszystkim. Tak\" \/>\n\t<meta name=\"robots\" content=\"noindex, max-snippet:-1, max-image-preview:large, max-video-preview:-1\" \/>\n\t<meta name=\"author\" content=\"Nasza Bajka\"\/>\n\t<link rel=\"canonical\" href=\"https:\/\/naszabajka.pl\/przedszkole\/2014\/opowiesc-o-zagubionym-bozym-narodzeniu\" \/>\n\t<meta name=\"generator\" content=\"All in One SEO (AIOSEO) 4.9.10\" \/>\n\n\t\t<!-- Global site tag (gtag.js) - Google Analytics -->\n<script async src=\"https:\/\/www.googletagmanager.com\/gtag\/js?id=G-347CRN2YLX\"><\/script>\n<script>\n window.dataLayer = window.dataLayer || [];\n function gtag(){dataLayer.push(arguments);}\n gtag('js', new Date());\n\n gtag('config', 'G-347CRN2YLX');\n<\/script>\n\t\t<meta property=\"og:locale\" content=\"pl_PL\" \/>\n\t\t<meta property=\"og:site_name\" content=\"naszabajka.pl\" \/>\n\t\t<meta property=\"og:type\" content=\"article\" \/>\n\t\t<meta property=\"og:title\" content=\"Opowie\u015b\u0107 o zagubionym BO\u017bYM NARODZENIU\" \/>\n\t\t<meta property=\"og:description\" content=\"\u015awi\u0119ta Bo\u017cego Narodzenia to najpi\u0119kniejszy czas w \u201eNaszej bajce\u201d. W naszym przedszkolu robi si\u0119 w\u00f3wczas jeszcze bardziej czarodziejsko: migaj\u0105ce \u015bwiate\u0142ka w holu i przed budynkiem, \u015bwi\u0105teczne dekoracje, pachn\u0105ce choinki, ciche kol\u0119dy\u2026 i jase\u0142ka, pieczo\u0142owicie i w wielkiej tajemnicy przygotowywane przez nasze starszaki. A wszystko to po to, by magia \u015awi\u0105t udzieli\u0142a si\u0119 nam wszystkim. Tak\" \/>\n\t\t<meta property=\"og:url\" content=\"https:\/\/naszabajka.pl\/przedszkole\/2014\/opowiesc-o-zagubionym-bozym-narodzeniu\" \/>\n\t\t<meta property=\"fb:app_id\" content=\"194990883884754\" \/>\n\t\t<meta property=\"fb:admins\" content=\"100000387067382\" \/>\n\t\t<meta property=\"og:image\" content=\"https:\/\/naszabajka.pl\/przedszkole\/wp-content\/uploads\/2015\/03\/TYTULOWE-Small.jpg\" \/>\n\t\t<meta property=\"og:image:secure_url\" content=\"https:\/\/naszabajka.pl\/przedszkole\/wp-content\/uploads\/2015\/03\/TYTULOWE-Small.jpg\" \/>\n\t\t<meta property=\"og:image:width\" content=\"640\" \/>\n\t\t<meta property=\"og:image:height\" content=\"480\" \/>\n\t\t<meta property=\"article:published_time\" content=\"2014-12-20T21:12:48+00:00\" \/>\n\t\t<meta property=\"article:modified_time\" content=\"2016-05-20T08:56:20+00:00\" \/>\n\t\t<meta property=\"article:publisher\" content=\"https:\/\/www.facebook.com\/naszabajka\" \/>\n\t\t<meta name=\"twitter:card\" content=\"summary\" \/>\n\t\t<meta name=\"twitter:title\" content=\"Opowie\u015b\u0107 o zagubionym BO\u017bYM NARODZENIU\" \/>\n\t\t<meta name=\"twitter:description\" content=\"\u015awi\u0119ta Bo\u017cego Narodzenia to najpi\u0119kniejszy czas w \u201eNaszej bajce\u201d. W naszym przedszkolu robi si\u0119 w\u00f3wczas jeszcze bardziej czarodziejsko: migaj\u0105ce \u015bwiate\u0142ka w holu i przed budynkiem, \u015bwi\u0105teczne dekoracje, pachn\u0105ce choinki, ciche kol\u0119dy\u2026 i jase\u0142ka, pieczo\u0142owicie i w wielkiej tajemnicy przygotowywane przez nasze starszaki. A wszystko to po to, by magia \u015awi\u0105t udzieli\u0142a si\u0119 nam wszystkim. Tak\" \/>\n\t\t<meta name=\"twitter:image\" content=\"https:\/\/naszabajka.pl\/przedszkole\/wp-content\/uploads\/2015\/03\/TYTULOWE-Small.jpg\" \/>\n\t\t<script type=\"application\/ld+json\" class=\"aioseo-schema\">\n\t\t\t{\"@context\":\"https:\\\/\\\/schema.org\",\"@graph\":[{\"@type\":\"Article\",\"@id\":\"https:\\\/\\\/naszabajka.pl\\\/przedszkole\\\/2014\\\/opowiesc-o-zagubionym-bozym-narodzeniu#article\",\"name\":\"Opowie\\u015b\\u0107 o zagubionym BO\\u017bYM NARODZENIU\",\"headline\":\"Opowie\\u015b\\u0107 o zagubionym BO\\u017bYM  NARODZENIU\",\"author\":{\"@id\":\"https:\\\/\\\/naszabajka.pl\\\/przedszkole\\\/author\\\/nasza-bajka#author\"},\"publisher\":{\"@id\":\"https:\\\/\\\/naszabajka.pl\\\/przedszkole\\\/#organization\"},\"image\":{\"@type\":\"ImageObject\",\"url\":\"https:\\\/\\\/naszabajka.pl\\\/przedszkole\\\/wp-content\\\/uploads\\\/2015\\\/03\\\/TYTULOWE-Small.jpg\",\"width\":640,\"height\":480},\"datePublished\":\"2014-12-20T22:12:48+01:00\",\"dateModified\":\"2016-05-20T10:56:20+02:00\",\"inLanguage\":\"pl-PL\",\"mainEntityOfPage\":{\"@id\":\"https:\\\/\\\/naszabajka.pl\\\/przedszkole\\\/2014\\\/opowiesc-o-zagubionym-bozym-narodzeniu#webpage\"},\"isPartOf\":{\"@id\":\"https:\\\/\\\/naszabajka.pl\\\/przedszkole\\\/2014\\\/opowiesc-o-zagubionym-bozym-narodzeniu#webpage\"},\"articleSection\":\"Wydarzy\\u0142o si\\u0119\"},{\"@type\":\"BreadcrumbList\",\"@id\":\"https:\\\/\\\/naszabajka.pl\\\/przedszkole\\\/2014\\\/opowiesc-o-zagubionym-bozym-narodzeniu#breadcrumblist\",\"itemListElement\":[{\"@type\":\"ListItem\",\"@id\":\"https:\\\/\\\/naszabajka.pl\\\/przedszkole#listItem\",\"position\":1,\"name\":\"Home\",\"item\":\"https:\\\/\\\/naszabajka.pl\\\/przedszkole\",\"nextItem\":{\"@type\":\"ListItem\",\"@id\":\"https:\\\/\\\/naszabajka.pl\\\/przedszkole\\\/aktualnosci\\\/wydarzenia#listItem\",\"name\":\"Wydarzy\\u0142o si\\u0119\"}},{\"@type\":\"ListItem\",\"@id\":\"https:\\\/\\\/naszabajka.pl\\\/przedszkole\\\/aktualnosci\\\/wydarzenia#listItem\",\"position\":2,\"name\":\"Wydarzy\\u0142o si\\u0119\",\"item\":\"https:\\\/\\\/naszabajka.pl\\\/przedszkole\\\/aktualnosci\\\/wydarzenia\",\"nextItem\":{\"@type\":\"ListItem\",\"@id\":\"https:\\\/\\\/naszabajka.pl\\\/przedszkole\\\/2014\\\/opowiesc-o-zagubionym-bozym-narodzeniu#listItem\",\"name\":\"Opowie\\u015b\\u0107 o zagubionym BO\\u017bYM  NARODZENIU\"},\"previousItem\":{\"@type\":\"ListItem\",\"@id\":\"https:\\\/\\\/naszabajka.pl\\\/przedszkole#listItem\",\"name\":\"Home\"}},{\"@type\":\"ListItem\",\"@id\":\"https:\\\/\\\/naszabajka.pl\\\/przedszkole\\\/2014\\\/opowiesc-o-zagubionym-bozym-narodzeniu#listItem\",\"position\":3,\"name\":\"Opowie\\u015b\\u0107 o zagubionym BO\\u017bYM  NARODZENIU\",\"previousItem\":{\"@type\":\"ListItem\",\"@id\":\"https:\\\/\\\/naszabajka.pl\\\/przedszkole\\\/aktualnosci\\\/wydarzenia#listItem\",\"name\":\"Wydarzy\\u0142o si\\u0119\"}}]},{\"@type\":\"Organization\",\"@id\":\"https:\\\/\\\/naszabajka.pl\\\/przedszkole\\\/#organization\",\"name\":\"Przedszkole Niepubliczne Artystyczno-J\\u0119zykowe Nasza Bajka\",\"description\":\"Oferta przedszkola prywatnego. Kronika wydarze\\u0144, zdj\\u0119cia, komentarze.\",\"url\":\"https:\\\/\\\/naszabajka.pl\\\/przedszkole\\\/\",\"telephone\":\"+48914872633\",\"logo\":{\"@type\":\"ImageObject\",\"url\":\"https:\\\/\\\/przedszkole.naszabajka.pl\\\/wp-content\\\/uploads\\\/2019\\\/12\\\/logo-naszabajka-960-transp.png\",\"@id\":\"https:\\\/\\\/naszabajka.pl\\\/przedszkole\\\/2014\\\/opowiesc-o-zagubionym-bozym-narodzeniu\\\/#organizationLogo\"},\"image\":{\"@id\":\"https:\\\/\\\/naszabajka.pl\\\/przedszkole\\\/2014\\\/opowiesc-o-zagubionym-bozym-narodzeniu\\\/#organizationLogo\"}},{\"@type\":\"Person\",\"@id\":\"https:\\\/\\\/naszabajka.pl\\\/przedszkole\\\/author\\\/nasza-bajka#author\",\"url\":\"https:\\\/\\\/naszabajka.pl\\\/przedszkole\\\/author\\\/nasza-bajka\",\"name\":\"Nasza Bajka\"},{\"@type\":\"WebPage\",\"@id\":\"https:\\\/\\\/naszabajka.pl\\\/przedszkole\\\/2014\\\/opowiesc-o-zagubionym-bozym-narodzeniu#webpage\",\"url\":\"https:\\\/\\\/naszabajka.pl\\\/przedszkole\\\/2014\\\/opowiesc-o-zagubionym-bozym-narodzeniu\",\"name\":\"Opowie\\u015b\\u0107 o zagubionym BO\\u017bYM NARODZENIU\",\"description\":\"\\u015awi\\u0119ta Bo\\u017cego Narodzenia to najpi\\u0119kniejszy czas w \\u201eNaszej bajce\\u201d. W naszym przedszkolu robi si\\u0119 w\\u00f3wczas jeszcze bardziej czarodziejsko: migaj\\u0105ce \\u015bwiate\\u0142ka w holu i przed budynkiem, \\u015bwi\\u0105teczne dekoracje, pachn\\u0105ce choinki, ciche kol\\u0119dy\\u2026 i jase\\u0142ka, pieczo\\u0142owicie i w wielkiej tajemnicy przygotowywane przez nasze starszaki. A wszystko to po to, by magia \\u015awi\\u0105t udzieli\\u0142a si\\u0119 nam wszystkim. Tak\",\"inLanguage\":\"pl-PL\",\"isPartOf\":{\"@id\":\"https:\\\/\\\/naszabajka.pl\\\/przedszkole\\\/#website\"},\"breadcrumb\":{\"@id\":\"https:\\\/\\\/naszabajka.pl\\\/przedszkole\\\/2014\\\/opowiesc-o-zagubionym-bozym-narodzeniu#breadcrumblist\"},\"author\":{\"@id\":\"https:\\\/\\\/naszabajka.pl\\\/przedszkole\\\/author\\\/nasza-bajka#author\"},\"creator\":{\"@id\":\"https:\\\/\\\/naszabajka.pl\\\/przedszkole\\\/author\\\/nasza-bajka#author\"},\"image\":{\"@type\":\"ImageObject\",\"url\":\"https:\\\/\\\/naszabajka.pl\\\/przedszkole\\\/wp-content\\\/uploads\\\/2015\\\/03\\\/TYTULOWE-Small.jpg\",\"@id\":\"https:\\\/\\\/naszabajka.pl\\\/przedszkole\\\/2014\\\/opowiesc-o-zagubionym-bozym-narodzeniu\\\/#mainImage\",\"width\":640,\"height\":480},\"primaryImageOfPage\":{\"@id\":\"https:\\\/\\\/naszabajka.pl\\\/przedszkole\\\/2014\\\/opowiesc-o-zagubionym-bozym-narodzeniu#mainImage\"},\"datePublished\":\"2014-12-20T22:12:48+01:00\",\"dateModified\":\"2016-05-20T10:56:20+02:00\"},{\"@type\":\"WebSite\",\"@id\":\"https:\\\/\\\/naszabajka.pl\\\/przedszkole\\\/#website\",\"url\":\"https:\\\/\\\/naszabajka.pl\\\/przedszkole\\\/\",\"name\":\"Przedszkole Niepubliczne Artystyczno-J\\u0119zykowe \\u201eNasza Bajka\\u201d\",\"description\":\"Oferta przedszkola prywatnego. Kronika wydarze\\u0144, zdj\\u0119cia, komentarze.\",\"inLanguage\":\"pl-PL\",\"publisher\":{\"@id\":\"https:\\\/\\\/naszabajka.pl\\\/przedszkole\\\/#organization\"}}]}\n\t\t<\/script>\n\t\t<!-- All in One SEO -->\n\n","aioseo_head_json":{"title":"Opowie\u015b\u0107 o zagubionym BO\u017bYM NARODZENIU","description":"\u015awi\u0119ta Bo\u017cego Narodzenia to najpi\u0119kniejszy czas w \u201eNaszej bajce\u201d. W naszym przedszkolu robi si\u0119 w\u00f3wczas jeszcze bardziej czarodziejsko: migaj\u0105ce \u015bwiate\u0142ka w holu i przed budynkiem, \u015bwi\u0105teczne dekoracje, pachn\u0105ce choinki, ciche kol\u0119dy\u2026 i jase\u0142ka, pieczo\u0142owicie i w wielkiej tajemnicy przygotowywane przez nasze starszaki. A wszystko to po to, by magia \u015awi\u0105t udzieli\u0142a si\u0119 nam wszystkim. Tak","canonical_url":"https:\/\/naszabajka.pl\/przedszkole\/2014\/opowiesc-o-zagubionym-bozym-narodzeniu","robots":"noindex, max-snippet:-1, max-image-preview:large, max-video-preview:-1","keywords":"","webmasterTools":{"miscellaneous":"&lt;!-- Global site tag (gtag.js) - Google Analytics --&gt;\n&lt;script async src=\"https:\/\/www.googletagmanager.com\/gtag\/js?id=G-347CRN2YLX\"&gt;&lt;\/script&gt;\n&lt;script&gt;\n&nbsp;window.dataLayer = window.dataLayer || [];\n&nbsp;function gtag(){dataLayer.push(arguments);}\n&nbsp;gtag('js', new Date());\n\n&nbsp;gtag('config', 'G-347CRN2YLX');\n&lt;\/script&gt;"},"schema":{"@context":"https:\/\/schema.org","@graph":[{"@type":"Article","@id":"https:\/\/naszabajka.pl\/przedszkole\/2014\/opowiesc-o-zagubionym-bozym-narodzeniu#article","name":"Opowie\u015b\u0107 o zagubionym BO\u017bYM NARODZENIU","headline":"Opowie\u015b\u0107 o zagubionym BO\u017bYM  NARODZENIU","author":{"@id":"https:\/\/naszabajka.pl\/przedszkole\/author\/nasza-bajka#author"},"publisher":{"@id":"https:\/\/naszabajka.pl\/przedszkole\/#organization"},"image":{"@type":"ImageObject","url":"https:\/\/naszabajka.pl\/przedszkole\/wp-content\/uploads\/2015\/03\/TYTULOWE-Small.jpg","width":640,"height":480},"datePublished":"2014-12-20T22:12:48+01:00","dateModified":"2016-05-20T10:56:20+02:00","inLanguage":"pl-PL","mainEntityOfPage":{"@id":"https:\/\/naszabajka.pl\/przedszkole\/2014\/opowiesc-o-zagubionym-bozym-narodzeniu#webpage"},"isPartOf":{"@id":"https:\/\/naszabajka.pl\/przedszkole\/2014\/opowiesc-o-zagubionym-bozym-narodzeniu#webpage"},"articleSection":"Wydarzy\u0142o si\u0119"},{"@type":"BreadcrumbList","@id":"https:\/\/naszabajka.pl\/przedszkole\/2014\/opowiesc-o-zagubionym-bozym-narodzeniu#breadcrumblist","itemListElement":[{"@type":"ListItem","@id":"https:\/\/naszabajka.pl\/przedszkole#listItem","position":1,"name":"Home","item":"https:\/\/naszabajka.pl\/przedszkole","nextItem":{"@type":"ListItem","@id":"https:\/\/naszabajka.pl\/przedszkole\/aktualnosci\/wydarzenia#listItem","name":"Wydarzy\u0142o si\u0119"}},{"@type":"ListItem","@id":"https:\/\/naszabajka.pl\/przedszkole\/aktualnosci\/wydarzenia#listItem","position":2,"name":"Wydarzy\u0142o si\u0119","item":"https:\/\/naszabajka.pl\/przedszkole\/aktualnosci\/wydarzenia","nextItem":{"@type":"ListItem","@id":"https:\/\/naszabajka.pl\/przedszkole\/2014\/opowiesc-o-zagubionym-bozym-narodzeniu#listItem","name":"Opowie\u015b\u0107 o zagubionym BO\u017bYM  NARODZENIU"},"previousItem":{"@type":"ListItem","@id":"https:\/\/naszabajka.pl\/przedszkole#listItem","name":"Home"}},{"@type":"ListItem","@id":"https:\/\/naszabajka.pl\/przedszkole\/2014\/opowiesc-o-zagubionym-bozym-narodzeniu#listItem","position":3,"name":"Opowie\u015b\u0107 o zagubionym BO\u017bYM  NARODZENIU","previousItem":{"@type":"ListItem","@id":"https:\/\/naszabajka.pl\/przedszkole\/aktualnosci\/wydarzenia#listItem","name":"Wydarzy\u0142o si\u0119"}}]},{"@type":"Organization","@id":"https:\/\/naszabajka.pl\/przedszkole\/#organization","name":"Przedszkole Niepubliczne Artystyczno-J\u0119zykowe Nasza Bajka","description":"Oferta przedszkola prywatnego. Kronika wydarze\u0144, zdj\u0119cia, komentarze.","url":"https:\/\/naszabajka.pl\/przedszkole\/","telephone":"+48914872633","logo":{"@type":"ImageObject","url":"https:\/\/przedszkole.naszabajka.pl\/wp-content\/uploads\/2019\/12\/logo-naszabajka-960-transp.png","@id":"https:\/\/naszabajka.pl\/przedszkole\/2014\/opowiesc-o-zagubionym-bozym-narodzeniu\/#organizationLogo"},"image":{"@id":"https:\/\/naszabajka.pl\/przedszkole\/2014\/opowiesc-o-zagubionym-bozym-narodzeniu\/#organizationLogo"}},{"@type":"Person","@id":"https:\/\/naszabajka.pl\/przedszkole\/author\/nasza-bajka#author","url":"https:\/\/naszabajka.pl\/przedszkole\/author\/nasza-bajka","name":"Nasza Bajka"},{"@type":"WebPage","@id":"https:\/\/naszabajka.pl\/przedszkole\/2014\/opowiesc-o-zagubionym-bozym-narodzeniu#webpage","url":"https:\/\/naszabajka.pl\/przedszkole\/2014\/opowiesc-o-zagubionym-bozym-narodzeniu","name":"Opowie\u015b\u0107 o zagubionym BO\u017bYM NARODZENIU","description":"\u015awi\u0119ta Bo\u017cego Narodzenia to najpi\u0119kniejszy czas w \u201eNaszej bajce\u201d. W naszym przedszkolu robi si\u0119 w\u00f3wczas jeszcze bardziej czarodziejsko: migaj\u0105ce \u015bwiate\u0142ka w holu i przed budynkiem, \u015bwi\u0105teczne dekoracje, pachn\u0105ce choinki, ciche kol\u0119dy\u2026 i jase\u0142ka, pieczo\u0142owicie i w wielkiej tajemnicy przygotowywane przez nasze starszaki. A wszystko to po to, by magia \u015awi\u0105t udzieli\u0142a si\u0119 nam wszystkim. Tak","inLanguage":"pl-PL","isPartOf":{"@id":"https:\/\/naszabajka.pl\/przedszkole\/#website"},"breadcrumb":{"@id":"https:\/\/naszabajka.pl\/przedszkole\/2014\/opowiesc-o-zagubionym-bozym-narodzeniu#breadcrumblist"},"author":{"@id":"https:\/\/naszabajka.pl\/przedszkole\/author\/nasza-bajka#author"},"creator":{"@id":"https:\/\/naszabajka.pl\/przedszkole\/author\/nasza-bajka#author"},"image":{"@type":"ImageObject","url":"https:\/\/naszabajka.pl\/przedszkole\/wp-content\/uploads\/2015\/03\/TYTULOWE-Small.jpg","@id":"https:\/\/naszabajka.pl\/przedszkole\/2014\/opowiesc-o-zagubionym-bozym-narodzeniu\/#mainImage","width":640,"height":480},"primaryImageOfPage":{"@id":"https:\/\/naszabajka.pl\/przedszkole\/2014\/opowiesc-o-zagubionym-bozym-narodzeniu#mainImage"},"datePublished":"2014-12-20T22:12:48+01:00","dateModified":"2016-05-20T10:56:20+02:00"},{"@type":"WebSite","@id":"https:\/\/naszabajka.pl\/przedszkole\/#website","url":"https:\/\/naszabajka.pl\/przedszkole\/","name":"Przedszkole Niepubliczne Artystyczno-J\u0119zykowe \u201eNasza Bajka\u201d","description":"Oferta przedszkola prywatnego. Kronika wydarze\u0144, zdj\u0119cia, komentarze.","inLanguage":"pl-PL","publisher":{"@id":"https:\/\/naszabajka.pl\/przedszkole\/#organization"}}]},"og:locale":"pl_PL","og:site_name":"naszabajka.pl","og:type":"article","og:title":"Opowie\u015b\u0107 o zagubionym BO\u017bYM NARODZENIU","og:description":"\u015awi\u0119ta Bo\u017cego Narodzenia to najpi\u0119kniejszy czas w \u201eNaszej bajce\u201d. W naszym przedszkolu robi si\u0119 w\u00f3wczas jeszcze bardziej czarodziejsko: migaj\u0105ce \u015bwiate\u0142ka w holu i przed budynkiem, \u015bwi\u0105teczne dekoracje, pachn\u0105ce choinki, ciche kol\u0119dy\u2026 i jase\u0142ka, pieczo\u0142owicie i w wielkiej tajemnicy przygotowywane przez nasze starszaki. A wszystko to po to, by magia \u015awi\u0105t udzieli\u0142a si\u0119 nam wszystkim. Tak","og:url":"https:\/\/naszabajka.pl\/przedszkole\/2014\/opowiesc-o-zagubionym-bozym-narodzeniu","fb:app_id":"194990883884754","fb:admins":"100000387067382","og:image":"https:\/\/naszabajka.pl\/przedszkole\/wp-content\/uploads\/2015\/03\/TYTULOWE-Small.jpg","og:image:secure_url":"https:\/\/naszabajka.pl\/przedszkole\/wp-content\/uploads\/2015\/03\/TYTULOWE-Small.jpg","og:image:width":640,"og:image:height":480,"article:published_time":"2014-12-20T21:12:48+00:00","article:modified_time":"2016-05-20T08:56:20+00:00","article:publisher":"https:\/\/www.facebook.com\/naszabajka","twitter:card":"summary","twitter:title":"Opowie\u015b\u0107 o zagubionym BO\u017bYM NARODZENIU","twitter:description":"\u015awi\u0119ta Bo\u017cego Narodzenia to najpi\u0119kniejszy czas w \u201eNaszej bajce\u201d. W naszym przedszkolu robi si\u0119 w\u00f3wczas jeszcze bardziej czarodziejsko: migaj\u0105ce \u015bwiate\u0142ka w holu i przed budynkiem, \u015bwi\u0105teczne dekoracje, pachn\u0105ce choinki, ciche kol\u0119dy\u2026 i jase\u0142ka, pieczo\u0142owicie i w wielkiej tajemnicy przygotowywane przez nasze starszaki. A wszystko to po to, by magia \u015awi\u0105t udzieli\u0142a si\u0119 nam wszystkim. Tak","twitter:image":"https:\/\/naszabajka.pl\/przedszkole\/wp-content\/uploads\/2015\/03\/TYTULOWE-Small.jpg"},"aioseo_meta_data":{"post_id":"10658","title":null,"description":null,"keywords":null,"keyphrases":null,"primary_term":null,"canonical_url":null,"og_title":null,"og_description":null,"og_object_type":"default","og_image_type":"default","og_image_url":null,"og_image_width":null,"og_image_height":null,"og_image_custom_url":null,"og_image_custom_fields":null,"og_video":null,"og_custom_url":null,"og_article_section":null,"og_article_tags":null,"twitter_use_og":false,"twitter_card":"default","twitter_image_type":"default","twitter_image_url":null,"twitter_image_custom_url":null,"twitter_image_custom_fields":null,"twitter_title":null,"twitter_description":null,"schema":{"blockGraphs":[],"customGraphs":[],"default":{"data":{"Article":[],"Course":[],"Dataset":[],"FAQPage":[],"Movie":[],"Person":[],"Product":[],"ProductReview":[],"Car":[],"Recipe":[],"Service":[],"SoftwareApplication":[],"WebPage":[]},"graphName":"Article","isEnabled":true},"graphs":[]},"schema_type":null,"schema_type_options":null,"pillar_content":false,"robots_default":true,"robots_noindex":false,"robots_noarchive":false,"robots_nosnippet":false,"robots_nofollow":false,"robots_noimageindex":false,"robots_noodp":false,"robots_notranslate":false,"robots_max_snippet":null,"robots_max_videopreview":null,"robots_max_imagepreview":"large","priority":null,"frequency":null,"local_seo":null,"breadcrumb_settings":null,"limit_modified_date":false,"ai":null,"created":"2021-06-14 09:57:35","updated":"2025-06-09 12:25:32","seo_analyzer_scan_date":null},"aioseo_breadcrumb":"<div class=\"aioseo-breadcrumbs\"><span class=\"aioseo-breadcrumb\">\n\t\t\t<a href=\"https:\/\/naszabajka.pl\/przedszkole\" title=\"Home\">Home<\/a>\n\t\t<\/span><span class=\"aioseo-breadcrumb-separator\">&raquo;<\/span><span class=\"aioseo-breadcrumb\">\n\t\t\t<a href=\"https:\/\/naszabajka.pl\/przedszkole\/aktualnosci\/wydarzenia\" title=\"Wydarzy\u0142o si\u0119\">Wydarzy\u0142o si\u0119<\/a>\n\t\t<\/span><span class=\"aioseo-breadcrumb-separator\">&raquo;<\/span><span class=\"aioseo-breadcrumb\">\n\t\t\tOpowie\u015b\u0107 o zagubionym BO\u017bYM  NARODZENIU\n\t\t<\/span><\/div>","aioseo_breadcrumb_json":[{"label":"Home","link":"https:\/\/naszabajka.pl\/przedszkole"},{"label":"Wydarzy\u0142o si\u0119","link":"https:\/\/naszabajka.pl\/przedszkole\/aktualnosci\/wydarzenia"},{"label":"Opowie\u015b\u0107 o zagubionym BO\u017bYM  NARODZENIU","link":"https:\/\/naszabajka.pl\/przedszkole\/2014\/opowiesc-o-zagubionym-bozym-narodzeniu"}],"_links":{"self":[{"href":"https:\/\/naszabajka.pl\/przedszkole\/wp-json\/wp\/v2\/posts\/10658","targetHints":{"allow":["GET"]}}],"collection":[{"href":"https:\/\/naszabajka.pl\/przedszkole\/wp-json\/wp\/v2\/posts"}],"about":[{"href":"https:\/\/naszabajka.pl\/przedszkole\/wp-json\/wp\/v2\/types\/post"}],"author":[{"embeddable":true,"href":"https:\/\/naszabajka.pl\/przedszkole\/wp-json\/wp\/v2\/users\/27"}],"replies":[{"embeddable":true,"href":"https:\/\/naszabajka.pl\/przedszkole\/wp-json\/wp\/v2\/comments?post=10658"}],"version-history":[{"count":0,"href":"https:\/\/naszabajka.pl\/przedszkole\/wp-json\/wp\/v2\/posts\/10658\/revisions"}],"wp:featuredmedia":[{"embeddable":true,"href":"https:\/\/naszabajka.pl\/przedszkole\/wp-json\/wp\/v2\/media\/10659"}],"wp:attachment":[{"href":"https:\/\/naszabajka.pl\/przedszkole\/wp-json\/wp\/v2\/media?parent=10658"}],"wp:term":[{"taxonomy":"category","embeddable":true,"href":"https:\/\/naszabajka.pl\/przedszkole\/wp-json\/wp\/v2\/categories?post=10658"},{"taxonomy":"post_tag","embeddable":true,"href":"https:\/\/naszabajka.pl\/przedszkole\/wp-json\/wp\/v2\/tags?post=10658"}],"curies":[{"name":"wp","href":"https:\/\/api.w.org\/{rel}","templated":true}]}}