{"id":55814,"date":"2026-09-02T09:00:54","date_gmt":"2026-09-02T07:00:54","guid":{"rendered":"https:\/\/naszabajka.pl\/bezrzecze\/?p=55814"},"modified":"2026-09-02T09:00:55","modified_gmt":"2026-09-02T07:00:55","slug":"ubezpieczenie-grupowe-dzieci-owu","status":"publish","type":"post","link":"https:\/\/naszabajka.pl\/bezrzecze\/2026\/ubezpieczenie-grupowe-dzieci-owu","title":{"rendered":"Ubezpieczenie grupowe dzieci \u2013 OWU"},"content":{"rendered":"\n<p class=\"wp-block-paragraph\">Szanowni Pa\u0144stwo,<\/p>\n\n\n\n<p class=\"wp-block-paragraph\">informujemy, \u017ce&nbsp;w&nbsp;za\u0142\u0105czniku do&nbsp;niniejszego og\u0142oszenia znajduj\u0105 si\u0119 Og\u00f3lne Warunki Ubezpieczenia (OWU) dotycz\u0105ce grupowego ubezpieczenia dzieci ucz\u0119szczaj\u0105cych do&nbsp;naszej plac\u00f3wki.<\/p>\n\n\n\n<p class=\"wp-block-paragraph\">Prosimy o&nbsp;zapoznanie si\u0119 z&nbsp;dokumentem, w&nbsp;szczeg\u00f3lno\u015bci z&nbsp;zakresem ochrony ubezpieczeniowej, wysoko\u015bci\u0105 \u015bwiadcze\u0144 oraz&nbsp;zasadami zg\u0142aszania ewentualnych szk\u00f3d.<\/p>\n\n\n\n<p class=\"wp-block-paragraph\"><\/p>\n\n\n\n<div data-wp-interactive=\"core\/file\" class=\"wp-block-file\"><object data-wp-bind--hidden=\"!state.hasPdfPreview\" hidden class=\"wp-block-file__embed\" data=\"https:\/\/naszabajka.pl\/bezrzecze\/wp-content\/uploads\/2026\/09\/IR_oferta.pdf\" type=\"application\/pdf\" style=\"width:100%;height:600px\" aria-label=\"Osadzone z&nbsp;IR_oferta.\"><\/object><a id=\"wp-block-file--media-76505a8c-eea2-4ba3-a304-0cb1c17b3a76\" href=\"https:\/\/naszabajka.pl\/bezrzecze\/wp-content\/uploads\/2026\/09\/IR_oferta.pdf\">IR_oferta<\/a><a href=\"https:\/\/naszabajka.pl\/bezrzecze\/wp-content\/uploads\/2026\/09\/IR_oferta.pdf\" class=\"wp-block-file__button wp-element-button\" download aria-describedby=\"wp-block-file--media-76505a8c-eea2-4ba3-a304-0cb1c17b3a76\">Pobierz<\/a><\/div>\n\n\n\n<p class=\"wp-block-paragraph\"><\/p>\n\n\n\n<div data-wp-interactive=\"core\/file\" class=\"wp-block-file\"><object data-wp-bind--hidden=\"!state.hasPdfPreview\" hidden class=\"wp-block-file__embed\" data=\"https:\/\/naszabajka.pl\/bezrzecze\/wp-content\/uploads\/2026\/09\/OWU-EDU-PLUS-obowiazujace-od-04.2026r.pdf\" type=\"application\/pdf\" style=\"width:100%;height:600px\" aria-label=\"Osadzone z&nbsp;OWU EDU PLUS obowi\u0105zuj\u0105ce od 04.2026r..\"><\/object><a id=\"wp-block-file--media-c4f29ded-f53a-445e-8325-4c8da25477c5\" href=\"https:\/\/naszabajka.pl\/bezrzecze\/wp-content\/uploads\/2026\/09\/OWU-EDU-PLUS-obowiazujace-od-04.2026r.pdf\">OWU EDU PLUS obowi\u0105zuj\u0105ce od 04.2026r.<\/a><a href=\"https:\/\/naszabajka.pl\/bezrzecze\/wp-content\/uploads\/2026\/09\/OWU-EDU-PLUS-obowiazujace-od-04.2026r.pdf\" class=\"wp-block-file__button wp-element-button\" download aria-describedby=\"wp-block-file--media-c4f29ded-f53a-445e-8325-4c8da25477c5\">Pobierz<\/a><\/div>\n","protected":false},"excerpt":{"rendered":"<p>Szanowni Pa\u0144stwo, informujemy, \u017ce&nbsp;w&nbsp;za\u0142\u0105czniku do&nbsp;niniejszego og\u0142oszenia znajduj\u0105 si\u0119 Og\u00f3lne Warunki Ubezpieczenia (OWU) dotycz\u0105ce grupowego ubezpieczenia dzieci ucz\u0119szczaj\u0105cych do&nbsp;naszej plac\u00f3wki. Prosimy o&nbsp;zapoznanie si\u0119 z&nbsp;dokumentem, w&nbsp;szczeg\u00f3lno\u015bci z&nbsp;zakresem ochrony ubezpieczeniowej, wysoko\u015bci\u0105 \u015bwiadcze\u0144 oraz&nbsp;zasadami &#8230; <\/p>\n<p class=\"read-more-container\"><a title=\"Ubezpieczenie grupowe dzieci \u2013 OWU\" class=\"read-more button\" href=\"https:\/\/naszabajka.pl\/bezrzecze\/2026\/ubezpieczenie-grupowe-dzieci-owu#more-55814\">Czytaj dalej<span class=\"screen-reader-text\">Ubezpieczenie grupowe dzieci \u2013 OWU<\/span><\/a><\/p>\n","protected":false},"author":39,"featured_media":0,"comment_status":"closed","ping_status":"closed","sticky":false,"template":"","format":"standard","meta":{"ngg_post_thumbnail":0,"footnotes":""},"categories":[31],"tags":[],"class_list":["post-55814","post","type-post","status-publish","format-standard","hentry","category-ogloszenia","generate-columns","tablet-grid-50","mobile-grid-100","grid-parent","grid-33"],"aioseo_notices":[],"aioseo_head":"\n\t\t<!-- All in One SEO 4.9.10 - aioseo.com -->\n\t<meta name=\"description\" content=\"Szanowni Pa\u0144stwo, informujemy, \u017ce w za\u0142\u0105czniku do niniejszego og\u0142oszenia znajduj\u0105 si\u0119 Og\u00f3lne Warunki Ubezpieczenia (OWU) dotycz\u0105ce grupowego ubezpieczenia dzieci ucz\u0119szczaj\u0105cych do naszej plac\u00f3wki. Prosimy o zapoznanie si\u0119 z dokumentem, w szczeg\u00f3lno\u015bci z zakresem ochrony ubezpieczeniowej, wysoko\u015bci\u0105 \u015bwiadcze\u0144 oraz zasadami zg\u0142aszania ewentualnych szk\u00f3d. IR_ofertaPobierz OWU EDU PLUS obowi\u0105zuj\u0105ce od 04.2026r.Pobierz\" \/>\n\t<meta name=\"robots\" content=\"max-snippet:-1, max-image-preview:large, max-video-preview:-1\" \/>\n\t<meta name=\"author\" content=\"Arkadiusz\"\/>\n\t<link rel=\"canonical\" href=\"https:\/\/naszabajka.pl\/bezrzecze\/2026\/ubezpieczenie-grupowe-dzieci-owu\" \/>\n\t<meta name=\"generator\" content=\"All in One SEO (AIOSEO) 4.9.10\" \/>\n\n\t\t<!-- Global site tag (gtag.js) - Google Analytics -->\n<script async src=\"https:\/\/www.googletagmanager.com\/gtag\/js?id=G-DXCMJG4BH6\"><\/script>\n<script>\n window.dataLayer = window.dataLayer || [];\n function gtag(){dataLayer.push(arguments);}\n gtag('js', new Date());\n\n gtag('config', 'G-DXCMJG4BH6');\n<\/script>\n\t\t<meta property=\"og:locale\" content=\"pl_PL\" \/>\n\t\t<meta property=\"og:site_name\" content=\"naszabajka.pl\" \/>\n\t\t<meta property=\"og:type\" content=\"article\" \/>\n\t\t<meta property=\"og:title\" content=\"Ubezpieczenie grupowe dzieci \u2013 OWU\" \/>\n\t\t<meta property=\"og:description\" content=\"Szanowni Pa\u0144stwo, informujemy, \u017ce w za\u0142\u0105czniku do niniejszego og\u0142oszenia znajduj\u0105 si\u0119 Og\u00f3lne Warunki Ubezpieczenia (OWU) dotycz\u0105ce grupowego ubezpieczenia dzieci ucz\u0119szczaj\u0105cych do naszej plac\u00f3wki. Prosimy o zapoznanie si\u0119 z dokumentem, w szczeg\u00f3lno\u015bci z zakresem ochrony ubezpieczeniowej, wysoko\u015bci\u0105 \u015bwiadcze\u0144 oraz zasadami zg\u0142aszania ewentualnych szk\u00f3d. IR_ofertaPobierz OWU EDU PLUS obowi\u0105zuj\u0105ce od 04.2026r.Pobierz\" \/>\n\t\t<meta property=\"og:url\" content=\"https:\/\/naszabajka.pl\/bezrzecze\/2026\/ubezpieczenie-grupowe-dzieci-owu\" \/>\n\t\t<meta property=\"fb:app_id\" content=\"194990883884754\" \/>\n\t\t<meta property=\"fb:admins\" content=\"100000387067382\" \/>\n\t\t<meta property=\"og:image\" content=\"https:\/\/bezrzecze.naszabajka.pl\/wp-content\/uploads\/2019\/12\/boot_3-2_1200x630.jpg\" \/>\n\t\t<meta property=\"og:image:secure_url\" content=\"https:\/\/bezrzecze.naszabajka.pl\/wp-content\/uploads\/2019\/12\/boot_3-2_1200x630.jpg\" \/>\n\t\t<meta property=\"article:published_time\" content=\"2026-09-02T07:00:54+00:00\" \/>\n\t\t<meta property=\"article:modified_time\" content=\"2026-09-02T07:00:55+00:00\" \/>\n\t\t<meta property=\"article:publisher\" content=\"https:\/\/www.facebook.com\/naszabajka\" \/>\n\t\t<meta name=\"twitter:card\" content=\"summary\" \/>\n\t\t<meta name=\"twitter:title\" content=\"Ubezpieczenie grupowe dzieci \u2013 OWU\" \/>\n\t\t<meta name=\"twitter:description\" content=\"Szanowni Pa\u0144stwo, informujemy, \u017ce w za\u0142\u0105czniku do niniejszego og\u0142oszenia znajduj\u0105 si\u0119 Og\u00f3lne Warunki Ubezpieczenia (OWU) dotycz\u0105ce grupowego ubezpieczenia dzieci ucz\u0119szczaj\u0105cych do naszej plac\u00f3wki. Prosimy o zapoznanie si\u0119 z dokumentem, w szczeg\u00f3lno\u015bci z zakresem ochrony ubezpieczeniowej, wysoko\u015bci\u0105 \u015bwiadcze\u0144 oraz zasadami zg\u0142aszania ewentualnych szk\u00f3d. IR_ofertaPobierz OWU EDU PLUS obowi\u0105zuj\u0105ce od 04.2026r.Pobierz\" \/>\n\t\t<meta name=\"twitter:image\" content=\"https:\/\/bezrzecze.naszabajka.pl\/wp-content\/uploads\/2019\/12\/boot_3-2_1200x630.jpg\" \/>\n\t\t<script type=\"application\/ld+json\" class=\"aioseo-schema\">\n\t\t\t{\"@context\":\"https:\\\/\\\/schema.org\",\"@graph\":[{\"@type\":\"Article\",\"@id\":\"https:\\\/\\\/naszabajka.pl\\\/bezrzecze\\\/2026\\\/ubezpieczenie-grupowe-dzieci-owu#article\",\"name\":\"Ubezpieczenie grupowe dzieci \\u2013 OWU\",\"headline\":\"Ubezpieczenie grupowe dzieci \\u2013 OWU\",\"author\":{\"@id\":\"https:\\\/\\\/naszabajka.pl\\\/bezrzecze\\\/author\\\/giveit#author\"},\"publisher\":{\"@id\":\"https:\\\/\\\/naszabajka.pl\\\/bezrzecze\\\/#organization\"},\"image\":{\"@type\":\"ImageObject\",\"url\":\"https:\\\/\\\/bezrzecze.naszabajka.pl\\\/wp-content\\\/uploads\\\/2019\\\/12\\\/logo-naszabajka-960-transp.png\",\"@id\":\"https:\\\/\\\/naszabajka.pl\\\/bezrzecze\\\/#articleImage\"},\"datePublished\":\"2026-09-02T09:00:54+02:00\",\"dateModified\":\"2026-09-02T09:00:55+02:00\",\"inLanguage\":\"pl-PL\",\"mainEntityOfPage\":{\"@id\":\"https:\\\/\\\/naszabajka.pl\\\/bezrzecze\\\/2026\\\/ubezpieczenie-grupowe-dzieci-owu#webpage\"},\"isPartOf\":{\"@id\":\"https:\\\/\\\/naszabajka.pl\\\/bezrzecze\\\/2026\\\/ubezpieczenie-grupowe-dzieci-owu#webpage\"},\"articleSection\":\"Og\\u0142oszenia\"},{\"@type\":\"BreadcrumbList\",\"@id\":\"https:\\\/\\\/naszabajka.pl\\\/bezrzecze\\\/2026\\\/ubezpieczenie-grupowe-dzieci-owu#breadcrumblist\",\"itemListElement\":[{\"@type\":\"ListItem\",\"@id\":\"https:\\\/\\\/naszabajka.pl\\\/bezrzecze#listItem\",\"position\":1,\"name\":\"Home\",\"item\":\"https:\\\/\\\/naszabajka.pl\\\/bezrzecze\",\"nextItem\":{\"@type\":\"ListItem\",\"@id\":\"https:\\\/\\\/naszabajka.pl\\\/bezrzecze\\\/aktualnosci\\\/ogloszenia#listItem\",\"name\":\"Og\\u0142oszenia\"}},{\"@type\":\"ListItem\",\"@id\":\"https:\\\/\\\/naszabajka.pl\\\/bezrzecze\\\/aktualnosci\\\/ogloszenia#listItem\",\"position\":2,\"name\":\"Og\\u0142oszenia\",\"item\":\"https:\\\/\\\/naszabajka.pl\\\/bezrzecze\\\/aktualnosci\\\/ogloszenia\",\"nextItem\":{\"@type\":\"ListItem\",\"@id\":\"https:\\\/\\\/naszabajka.pl\\\/bezrzecze\\\/2026\\\/ubezpieczenie-grupowe-dzieci-owu#listItem\",\"name\":\"Ubezpieczenie grupowe dzieci \\u2013 OWU\"},\"previousItem\":{\"@type\":\"ListItem\",\"@id\":\"https:\\\/\\\/naszabajka.pl\\\/bezrzecze#listItem\",\"name\":\"Home\"}},{\"@type\":\"ListItem\",\"@id\":\"https:\\\/\\\/naszabajka.pl\\\/bezrzecze\\\/2026\\\/ubezpieczenie-grupowe-dzieci-owu#listItem\",\"position\":3,\"name\":\"Ubezpieczenie grupowe dzieci \\u2013 OWU\",\"previousItem\":{\"@type\":\"ListItem\",\"@id\":\"https:\\\/\\\/naszabajka.pl\\\/bezrzecze\\\/aktualnosci\\\/ogloszenia#listItem\",\"name\":\"Og\\u0142oszenia\"}}]},{\"@type\":\"Organization\",\"@id\":\"https:\\\/\\\/naszabajka.pl\\\/bezrzecze\\\/#organization\",\"name\":\"Przedszkole Niepubliczne Artystyczno-J\\u0119zykowe Nasza Bajka\",\"description\":\"Oferta przedszkola prywatnego. Kronika wydarze\\u0144, zdj\\u0119cia, komentarze.\",\"url\":\"https:\\\/\\\/naszabajka.pl\\\/bezrzecze\\\/\",\"telephone\":\"+48914872633\",\"logo\":{\"@type\":\"ImageObject\",\"url\":\"https:\\\/\\\/bezrzecze.naszabajka.pl\\\/wp-content\\\/uploads\\\/2019\\\/12\\\/logo-naszabajka-960-transp.png\",\"@id\":\"https:\\\/\\\/naszabajka.pl\\\/bezrzecze\\\/2026\\\/ubezpieczenie-grupowe-dzieci-owu\\\/#organizationLogo\"},\"image\":{\"@id\":\"https:\\\/\\\/naszabajka.pl\\\/bezrzecze\\\/2026\\\/ubezpieczenie-grupowe-dzieci-owu\\\/#organizationLogo\"}},{\"@type\":\"Person\",\"@id\":\"https:\\\/\\\/naszabajka.pl\\\/bezrzecze\\\/author\\\/giveit#author\",\"url\":\"https:\\\/\\\/naszabajka.pl\\\/bezrzecze\\\/author\\\/giveit\",\"name\":\"Arkadiusz\"},{\"@type\":\"WebPage\",\"@id\":\"https:\\\/\\\/naszabajka.pl\\\/bezrzecze\\\/2026\\\/ubezpieczenie-grupowe-dzieci-owu#webpage\",\"url\":\"https:\\\/\\\/naszabajka.pl\\\/bezrzecze\\\/2026\\\/ubezpieczenie-grupowe-dzieci-owu\",\"name\":\"Ubezpieczenie grupowe dzieci \\u2013 OWU\",\"description\":\"Szanowni Pa\\u0144stwo, informujemy, \\u017ce w za\\u0142\\u0105czniku do niniejszego og\\u0142oszenia znajduj\\u0105 si\\u0119 Og\\u00f3lne Warunki Ubezpieczenia (OWU) dotycz\\u0105ce grupowego ubezpieczenia dzieci ucz\\u0119szczaj\\u0105cych do naszej plac\\u00f3wki. Prosimy o zapoznanie si\\u0119 z dokumentem, w szczeg\\u00f3lno\\u015bci z zakresem ochrony ubezpieczeniowej, wysoko\\u015bci\\u0105 \\u015bwiadcze\\u0144 oraz zasadami zg\\u0142aszania ewentualnych szk\\u00f3d. IR_ofertaPobierz OWU EDU PLUS obowi\\u0105zuj\\u0105ce od 04.2026r.Pobierz\",\"inLanguage\":\"pl-PL\",\"isPartOf\":{\"@id\":\"https:\\\/\\\/naszabajka.pl\\\/bezrzecze\\\/#website\"},\"breadcrumb\":{\"@id\":\"https:\\\/\\\/naszabajka.pl\\\/bezrzecze\\\/2026\\\/ubezpieczenie-grupowe-dzieci-owu#breadcrumblist\"},\"author\":{\"@id\":\"https:\\\/\\\/naszabajka.pl\\\/bezrzecze\\\/author\\\/giveit#author\"},\"creator\":{\"@id\":\"https:\\\/\\\/naszabajka.pl\\\/bezrzecze\\\/author\\\/giveit#author\"},\"datePublished\":\"2026-09-02T09:00:54+02:00\",\"dateModified\":\"2026-09-02T09:00:55+02:00\"},{\"@type\":\"WebSite\",\"@id\":\"https:\\\/\\\/naszabajka.pl\\\/bezrzecze\\\/#website\",\"url\":\"https:\\\/\\\/naszabajka.pl\\\/bezrzecze\\\/\",\"name\":\"Przedszkole i \\u017b\\u0142obek - Strefa Kreatywnego Rozwoju Ma\\u0142ego Cz\\u0142owieka \\u201eNasza Bajka\\u201d\",\"description\":\"Oferta przedszkola prywatnego. Kronika wydarze\\u0144, zdj\\u0119cia, komentarze.\",\"inLanguage\":\"pl-PL\",\"publisher\":{\"@id\":\"https:\\\/\\\/naszabajka.pl\\\/bezrzecze\\\/#organization\"}}]}\n\t\t<\/script>\n\t\t<!-- All in One SEO -->\n\n","aioseo_head_json":{"title":"Ubezpieczenie grupowe dzieci \u2013 OWU","description":"Szanowni Pa\u0144stwo, informujemy, \u017ce w za\u0142\u0105czniku do niniejszego og\u0142oszenia znajduj\u0105 si\u0119 Og\u00f3lne Warunki Ubezpieczenia (OWU) dotycz\u0105ce grupowego ubezpieczenia dzieci ucz\u0119szczaj\u0105cych do naszej plac\u00f3wki. Prosimy o zapoznanie si\u0119 z dokumentem, w szczeg\u00f3lno\u015bci z zakresem ochrony ubezpieczeniowej, wysoko\u015bci\u0105 \u015bwiadcze\u0144 oraz zasadami zg\u0142aszania ewentualnych szk\u00f3d. IR_ofertaPobierz OWU EDU PLUS obowi\u0105zuj\u0105ce od 04.2026r.Pobierz","canonical_url":"https:\/\/naszabajka.pl\/bezrzecze\/2026\/ubezpieczenie-grupowe-dzieci-owu","robots":"max-snippet:-1, max-image-preview:large, max-video-preview:-1","keywords":"","webmasterTools":{"miscellaneous":"&lt;!-- Global site tag (gtag.js) - Google Analytics --&gt;\n&lt;script async src=\"https:\/\/www.googletagmanager.com\/gtag\/js?id=G-DXCMJG4BH6\"&gt;&lt;\/script&gt;\n&lt;script&gt;\n&nbsp;window.dataLayer = window.dataLayer || [];\n&nbsp;function gtag(){dataLayer.push(arguments);}\n&nbsp;gtag('js', new Date());\n\n&nbsp;gtag('config', 'G-DXCMJG4BH6');\n&lt;\/script&gt;"},"schema":{"@context":"https:\/\/schema.org","@graph":[{"@type":"Article","@id":"https:\/\/naszabajka.pl\/bezrzecze\/2026\/ubezpieczenie-grupowe-dzieci-owu#article","name":"Ubezpieczenie grupowe dzieci \u2013 OWU","headline":"Ubezpieczenie grupowe dzieci \u2013 OWU","author":{"@id":"https:\/\/naszabajka.pl\/bezrzecze\/author\/giveit#author"},"publisher":{"@id":"https:\/\/naszabajka.pl\/bezrzecze\/#organization"},"image":{"@type":"ImageObject","url":"https:\/\/bezrzecze.naszabajka.pl\/wp-content\/uploads\/2019\/12\/logo-naszabajka-960-transp.png","@id":"https:\/\/naszabajka.pl\/bezrzecze\/#articleImage"},"datePublished":"2026-09-02T09:00:54+02:00","dateModified":"2026-09-02T09:00:55+02:00","inLanguage":"pl-PL","mainEntityOfPage":{"@id":"https:\/\/naszabajka.pl\/bezrzecze\/2026\/ubezpieczenie-grupowe-dzieci-owu#webpage"},"isPartOf":{"@id":"https:\/\/naszabajka.pl\/bezrzecze\/2026\/ubezpieczenie-grupowe-dzieci-owu#webpage"},"articleSection":"Og\u0142oszenia"},{"@type":"BreadcrumbList","@id":"https:\/\/naszabajka.pl\/bezrzecze\/2026\/ubezpieczenie-grupowe-dzieci-owu#breadcrumblist","itemListElement":[{"@type":"ListItem","@id":"https:\/\/naszabajka.pl\/bezrzecze#listItem","position":1,"name":"Home","item":"https:\/\/naszabajka.pl\/bezrzecze","nextItem":{"@type":"ListItem","@id":"https:\/\/naszabajka.pl\/bezrzecze\/aktualnosci\/ogloszenia#listItem","name":"Og\u0142oszenia"}},{"@type":"ListItem","@id":"https:\/\/naszabajka.pl\/bezrzecze\/aktualnosci\/ogloszenia#listItem","position":2,"name":"Og\u0142oszenia","item":"https:\/\/naszabajka.pl\/bezrzecze\/aktualnosci\/ogloszenia","nextItem":{"@type":"ListItem","@id":"https:\/\/naszabajka.pl\/bezrzecze\/2026\/ubezpieczenie-grupowe-dzieci-owu#listItem","name":"Ubezpieczenie grupowe dzieci \u2013 OWU"},"previousItem":{"@type":"ListItem","@id":"https:\/\/naszabajka.pl\/bezrzecze#listItem","name":"Home"}},{"@type":"ListItem","@id":"https:\/\/naszabajka.pl\/bezrzecze\/2026\/ubezpieczenie-grupowe-dzieci-owu#listItem","position":3,"name":"Ubezpieczenie grupowe dzieci \u2013 OWU","previousItem":{"@type":"ListItem","@id":"https:\/\/naszabajka.pl\/bezrzecze\/aktualnosci\/ogloszenia#listItem","name":"Og\u0142oszenia"}}]},{"@type":"Organization","@id":"https:\/\/naszabajka.pl\/bezrzecze\/#organization","name":"Przedszkole Niepubliczne Artystyczno-J\u0119zykowe Nasza Bajka","description":"Oferta przedszkola prywatnego. Kronika wydarze\u0144, zdj\u0119cia, komentarze.","url":"https:\/\/naszabajka.pl\/bezrzecze\/","telephone":"+48914872633","logo":{"@type":"ImageObject","url":"https:\/\/bezrzecze.naszabajka.pl\/wp-content\/uploads\/2019\/12\/logo-naszabajka-960-transp.png","@id":"https:\/\/naszabajka.pl\/bezrzecze\/2026\/ubezpieczenie-grupowe-dzieci-owu\/#organizationLogo"},"image":{"@id":"https:\/\/naszabajka.pl\/bezrzecze\/2026\/ubezpieczenie-grupowe-dzieci-owu\/#organizationLogo"}},{"@type":"Person","@id":"https:\/\/naszabajka.pl\/bezrzecze\/author\/giveit#author","url":"https:\/\/naszabajka.pl\/bezrzecze\/author\/giveit","name":"Arkadiusz"},{"@type":"WebPage","@id":"https:\/\/naszabajka.pl\/bezrzecze\/2026\/ubezpieczenie-grupowe-dzieci-owu#webpage","url":"https:\/\/naszabajka.pl\/bezrzecze\/2026\/ubezpieczenie-grupowe-dzieci-owu","name":"Ubezpieczenie grupowe dzieci \u2013 OWU","description":"Szanowni Pa\u0144stwo, informujemy, \u017ce w za\u0142\u0105czniku do niniejszego og\u0142oszenia znajduj\u0105 si\u0119 Og\u00f3lne Warunki Ubezpieczenia (OWU) dotycz\u0105ce grupowego ubezpieczenia dzieci ucz\u0119szczaj\u0105cych do naszej plac\u00f3wki. Prosimy o zapoznanie si\u0119 z dokumentem, w szczeg\u00f3lno\u015bci z zakresem ochrony ubezpieczeniowej, wysoko\u015bci\u0105 \u015bwiadcze\u0144 oraz zasadami zg\u0142aszania ewentualnych szk\u00f3d. IR_ofertaPobierz OWU EDU PLUS obowi\u0105zuj\u0105ce od 04.2026r.Pobierz","inLanguage":"pl-PL","isPartOf":{"@id":"https:\/\/naszabajka.pl\/bezrzecze\/#website"},"breadcrumb":{"@id":"https:\/\/naszabajka.pl\/bezrzecze\/2026\/ubezpieczenie-grupowe-dzieci-owu#breadcrumblist"},"author":{"@id":"https:\/\/naszabajka.pl\/bezrzecze\/author\/giveit#author"},"creator":{"@id":"https:\/\/naszabajka.pl\/bezrzecze\/author\/giveit#author"},"datePublished":"2026-09-02T09:00:54+02:00","dateModified":"2026-09-02T09:00:55+02:00"},{"@type":"WebSite","@id":"https:\/\/naszabajka.pl\/bezrzecze\/#website","url":"https:\/\/naszabajka.pl\/bezrzecze\/","name":"Przedszkole i \u017b\u0142obek - Strefa Kreatywnego Rozwoju Ma\u0142ego Cz\u0142owieka \u201eNasza Bajka\u201d","description":"Oferta przedszkola prywatnego. Kronika wydarze\u0144, zdj\u0119cia, komentarze.","inLanguage":"pl-PL","publisher":{"@id":"https:\/\/naszabajka.pl\/bezrzecze\/#organization"}}]},"og:locale":"pl_PL","og:site_name":"naszabajka.pl","og:type":"article","og:title":"Ubezpieczenie grupowe dzieci \u2013 OWU","og:description":"Szanowni Pa\u0144stwo, informujemy, \u017ce w za\u0142\u0105czniku do niniejszego og\u0142oszenia znajduj\u0105 si\u0119 Og\u00f3lne Warunki Ubezpieczenia (OWU) dotycz\u0105ce grupowego ubezpieczenia dzieci ucz\u0119szczaj\u0105cych do naszej plac\u00f3wki. Prosimy o zapoznanie si\u0119 z dokumentem, w szczeg\u00f3lno\u015bci z zakresem ochrony ubezpieczeniowej, wysoko\u015bci\u0105 \u015bwiadcze\u0144 oraz zasadami zg\u0142aszania ewentualnych szk\u00f3d. IR_ofertaPobierz OWU EDU PLUS obowi\u0105zuj\u0105ce od 04.2026r.Pobierz","og:url":"https:\/\/naszabajka.pl\/bezrzecze\/2026\/ubezpieczenie-grupowe-dzieci-owu","fb:app_id":"194990883884754","fb:admins":"100000387067382","og:image":"https:\/\/bezrzecze.naszabajka.pl\/wp-content\/uploads\/2019\/12\/boot_3-2_1200x630.jpg","og:image:secure_url":"https:\/\/bezrzecze.naszabajka.pl\/wp-content\/uploads\/2019\/12\/boot_3-2_1200x630.jpg","article:published_time":"2026-09-02T07:00:54+00:00","article:modified_time":"2026-09-02T07:00:55+00:00","article:publisher":"https:\/\/www.facebook.com\/naszabajka","twitter:card":"summary","twitter:title":"Ubezpieczenie grupowe dzieci \u2013 OWU","twitter:description":"Szanowni Pa\u0144stwo, informujemy, \u017ce w za\u0142\u0105czniku do niniejszego og\u0142oszenia znajduj\u0105 si\u0119 Og\u00f3lne Warunki Ubezpieczenia (OWU) dotycz\u0105ce grupowego ubezpieczenia dzieci ucz\u0119szczaj\u0105cych do naszej plac\u00f3wki. Prosimy o zapoznanie si\u0119 z dokumentem, w szczeg\u00f3lno\u015bci z zakresem ochrony ubezpieczeniowej, wysoko\u015bci\u0105 \u015bwiadcze\u0144 oraz zasadami zg\u0142aszania ewentualnych szk\u00f3d. IR_ofertaPobierz OWU EDU PLUS obowi\u0105zuj\u0105ce od 04.2026r.Pobierz","twitter:image":"https:\/\/bezrzecze.naszabajka.pl\/wp-content\/uploads\/2019\/12\/boot_3-2_1200x630.jpg"},"aioseo_meta_data":{"post_id":"55814","title":null,"description":null,"keywords":null,"keyphrases":{"focus":{"keyphrase":"","score":0,"analysis":{"keyphraseInTitle":{"score":0,"maxScore":9,"error":1}}},"additional":[]},"primary_term":null,"canonical_url":null,"og_title":null,"og_description":null,"og_object_type":"default","og_image_type":"default","og_image_url":null,"og_image_width":null,"og_image_height":null,"og_image_custom_url":null,"og_image_custom_fields":null,"og_video":"","og_custom_url":null,"og_article_section":null,"og_article_tags":null,"twitter_use_og":false,"twitter_card":"default","twitter_image_type":"default","twitter_image_url":null,"twitter_image_custom_url":null,"twitter_image_custom_fields":null,"twitter_title":null,"twitter_description":null,"schema":{"blockGraphs":[],"customGraphs":[],"default":{"data":{"Article":[],"Course":[],"Dataset":[],"FAQPage":[],"Movie":[],"Person":[],"Product":[],"ProductReview":[],"Car":[],"Recipe":[],"Service":[],"SoftwareApplication":[],"WebPage":[]},"graphName":"Article","isEnabled":true},"graphs":[]},"schema_type":"default","schema_type_options":null,"pillar_content":false,"robots_default":true,"robots_noindex":false,"robots_noarchive":false,"robots_nosnippet":false,"robots_nofollow":false,"robots_noimageindex":false,"robots_noodp":false,"robots_notranslate":false,"robots_max_snippet":"-1","robots_max_videopreview":"-1","robots_max_imagepreview":"large","priority":null,"frequency":"default","local_seo":null,"breadcrumb_settings":null,"limit_modified_date":false,"ai":{"faqs":[],"keyPoints":[],"schemas":[],"titles":[],"descriptions":[],"socialPosts":{"email":{"subject":"","preview":"","content":""},"linkedin":[],"twitter":[],"facebook":[],"instagram":[]}},"created":"2026-09-02 07:00:14","updated":"2026-09-02 07:00:55","seo_analyzer_scan_date":null},"aioseo_breadcrumb":"<div class=\"aioseo-breadcrumbs\"><span class=\"aioseo-breadcrumb\">\n\t\t\t<a href=\"https:\/\/naszabajka.pl\/bezrzecze\" title=\"Home\">Home<\/a>\n\t\t<\/span><span class=\"aioseo-breadcrumb-separator\">&raquo;<\/span><span class=\"aioseo-breadcrumb\">\n\t\t\t<a href=\"https:\/\/naszabajka.pl\/bezrzecze\/aktualnosci\/ogloszenia\" title=\"Og\u0142oszenia\">Og\u0142oszenia<\/a>\n\t\t<\/span><span class=\"aioseo-breadcrumb-separator\">&raquo;<\/span><span class=\"aioseo-breadcrumb\">\n\t\t\tUbezpieczenie grupowe dzieci \u2013 OWU\n\t\t<\/span><\/div>","aioseo_breadcrumb_json":[{"label":"Home","link":"https:\/\/naszabajka.pl\/bezrzecze"},{"label":"Og\u0142oszenia","link":"https:\/\/naszabajka.pl\/bezrzecze\/aktualnosci\/ogloszenia"},{"label":"Ubezpieczenie grupowe dzieci \u2013 OWU","link":"https:\/\/naszabajka.pl\/bezrzecze\/2026\/ubezpieczenie-grupowe-dzieci-owu"}],"_links":{"self":[{"href":"https:\/\/naszabajka.pl\/bezrzecze\/wp-json\/wp\/v2\/posts\/55814","targetHints":{"allow":["GET"]}}],"collection":[{"href":"https:\/\/naszabajka.pl\/bezrzecze\/wp-json\/wp\/v2\/posts"}],"about":[{"href":"https:\/\/naszabajka.pl\/bezrzecze\/wp-json\/wp\/v2\/types\/post"}],"author":[{"embeddable":true,"href":"https:\/\/naszabajka.pl\/bezrzecze\/wp-json\/wp\/v2\/users\/39"}],"replies":[{"embeddable":true,"href":"https:\/\/naszabajka.pl\/bezrzecze\/wp-json\/wp\/v2\/comments?post=55814"}],"version-history":[{"count":1,"href":"https:\/\/naszabajka.pl\/bezrzecze\/wp-json\/wp\/v2\/posts\/55814\/revisions"}],"predecessor-version":[{"id":55817,"href":"https:\/\/naszabajka.pl\/bezrzecze\/wp-json\/wp\/v2\/posts\/55814\/revisions\/55817"}],"wp:attachment":[{"href":"https:\/\/naszabajka.pl\/bezrzecze\/wp-json\/wp\/v2\/media?parent=55814"}],"wp:term":[{"taxonomy":"category","embeddable":true,"href":"https:\/\/naszabajka.pl\/bezrzecze\/wp-json\/wp\/v2\/categories?post=55814"},{"taxonomy":"post_tag","embeddable":true,"href":"https:\/\/naszabajka.pl\/bezrzecze\/wp-json\/wp\/v2\/tags?post=55814"}],"curies":[{"name":"wp","href":"https:\/\/api.w.org\/{rel}","templated":true}]}}