{"id":55780,"date":"2026-06-30T23:03:23","date_gmt":"2026-06-30T21:03:23","guid":{"rendered":"https:\/\/bezrzecze.naszabajka.pl\/?p=55780"},"modified":"2026-06-30T23:03:23","modified_gmt":"2026-06-30T21:03:23","slug":"tropimy-lato-zobacz-jak-nasze-liski-je-odkrywaly","status":"publish","type":"post","link":"https:\/\/naszabajka.pl\/bezrzecze\/2026\/tropimy-lato-zobacz-jak-nasze-liski-je-odkrywaly","title":{"rendered":"Tropimy lato! Zobacz, jak nasze Liski je odkrywa\u0142y"},"content":{"rendered":"\n<figure class=\"wp-block-embed is-type-video is-provider-youtube wp-block-embed-youtube wp-embed-aspect-9-16 wp-has-aspect-ratio\"><div class=\"wp-block-embed__wrapper\">\n<iframe loading=\"lazy\" title=\"Tropimy lato! Zobacz, jak nasze Liski je odkrywa\u0142y\" width=\"563\" height=\"1000\" src=\"https:\/\/www.youtube.com\/embed\/s6mH_6qalEU?feature=oembed\" frameborder=\"0\" allow=\"accelerometer; autoplay; clipboard-write; encrypted-media; gyroscope; picture-in-picture; web-share\" referrerpolicy=\"strict-origin-when-cross-origin\" allowfullscreen><\/iframe>\n<\/div><\/figure>\n\n\n\n<p class=\"wp-block-paragraph\"><\/p>\n\n\n\n<p class=\"wp-block-paragraph\">Lato tu\u017c-tu\u017c! \u2600\ufe0f Gdzie si\u0119 schowa\u0142o? Nasze Liski Urwiski postanowi\u0142y to sprawdzi\u0107! \ud83e\udd8a\ud83d\udd0dW nawi\u0105zaniu do&nbsp;wys\u0142uchanego opowiadania, dzieci wsp\u00f3lnie zastanawia\u0142y si\u0119, co w&nbsp;naszym ogrodzie mo\u017ce symbolizowa\u0107 t\u0119 por\u0119 roku. \ud83c\udf3f\ud83d\udd0d Nast\u0119pnie analizowa\u0142y ilustracje, okre\u015blaj\u0105c, kt\u00f3re z&nbsp;nich przedstawiaj\u0105 lato, a&nbsp;kt\u00f3re s\u0105 charakterystyczne dla&nbsp;innych p\u00f3r roku. \ud83c\udf38\u2744\ufe0f\ud83c\udf42 Takie zadania to \u015bwietna zabawa, podczas kt\u00f3rej przedszkolaki: \u2714\ufe0f \u0107wicz\u0105 spostrzegawczo\u015b\u0107, \u2714\ufe0f trenuj\u0105 umiej\u0119tno\u015b\u0107 klasyfikowania, \u2714\ufe0f rozwijaj\u0105 wiedz\u0119 na&nbsp;temat zmian zachodz\u0105cych w&nbsp;przyrodzie. \ud83c\udf31\ud83e\udde0Zostaw \u2600\ufe0f w&nbsp;komentarzu, je\u015bli te\u017c nie mo\u017cesz doczeka\u0107 si\u0119 wakacji! \ud83d\udc47#przedszkole #malidetektywi #naukaprzezzabawe #idzielato #edukacja<\/p>\n","protected":false},"excerpt":{"rendered":"<p>Lato tu\u017c-tu\u017c! \u2600\ufe0f Gdzie si\u0119 schowa\u0142o? Nasze Liski Urwiski postanowi\u0142y to sprawdzi\u0107! \ud83e\udd8a\ud83d\udd0dW nawi\u0105zaniu do&nbsp;wys\u0142uchanego opowiadania, dzieci wsp\u00f3lnie zastanawia\u0142y si\u0119, co w&nbsp;naszym ogrodzie mo\u017ce symbolizowa\u0107 t\u0119 por\u0119 roku. \ud83c\udf3f\ud83d\udd0d Nast\u0119pnie &#8230; <\/p>\n<p class=\"read-more-container\"><a title=\"Tropimy lato! Zobacz, jak nasze Liski je odkrywa\u0142y\" class=\"read-more button\" href=\"https:\/\/naszabajka.pl\/bezrzecze\/2026\/tropimy-lato-zobacz-jak-nasze-liski-je-odkrywaly#more-55780\">Czytaj dalej<span class=\"screen-reader-text\">Tropimy lato! Zobacz, jak nasze Liski je odkrywa\u0142y<\/span><\/a><\/p>\n","protected":false},"author":39,"featured_media":55779,"comment_status":"closed","ping_status":"closed","sticky":false,"template":"","format":"standard","meta":{"ngg_post_thumbnail":0,"footnotes":""},"categories":[27],"tags":[],"class_list":["post-55780","post","type-post","status-publish","format-standard","has-post-thumbnail","hentry","category-wydarzenia","generate-columns","tablet-grid-50","mobile-grid-100","grid-parent","grid-33"],"aioseo_notices":[],"aioseo_head":"\n\t\t<!-- All in One SEO 4.9.10 - aioseo.com -->\n\t<meta name=\"description\" content=\"Lato tu\u017c-tu\u017c! \u2600\ufe0f Gdzie si\u0119 schowa\u0142o? Nasze Liski Urwiski postanowi\u0142y to sprawdzi\u0107! \ud83e\udd8a\ud83d\udd0dW nawi\u0105zaniu do wys\u0142uchanego opowiadania, dzieci wsp\u00f3lnie zastanawia\u0142y si\u0119, co w naszym ogrodzie mo\u017ce symbolizowa\u0107 t\u0119 por\u0119 roku. \ud83c\udf3f\ud83d\udd0d Nast\u0119pnie analizowa\u0142y ilustracje, okre\u015blaj\u0105c, kt\u00f3re z nich przedstawiaj\u0105 lato, a kt\u00f3re s\u0105 charakterystyczne dla innych p\u00f3r roku. \ud83c\udf38\u2744\ufe0f\ud83c\udf42 Takie zadania to \u015bwietna zabawa, podczas\" \/>\n\t<meta name=\"robots\" content=\"max-snippet:-1, max-image-preview:large, max-video-preview:-1\" \/>\n\t<meta name=\"author\" content=\"Arkadiusz\"\/>\n\t<link rel=\"canonical\" href=\"https:\/\/naszabajka.pl\/bezrzecze\/2026\/tropimy-lato-zobacz-jak-nasze-liski-je-odkrywaly\" \/>\n\t<meta name=\"generator\" content=\"All in One SEO (AIOSEO) 4.9.10\" \/>\n\n\t\t<!-- Global site tag (gtag.js) - Google Analytics -->\n<script async src=\"https:\/\/www.googletagmanager.com\/gtag\/js?id=G-DXCMJG4BH6\"><\/script>\n<script>\n window.dataLayer = window.dataLayer || [];\n function gtag(){dataLayer.push(arguments);}\n gtag('js', new Date());\n\n gtag('config', 'G-DXCMJG4BH6');\n<\/script>\n\t\t<meta property=\"og:locale\" content=\"pl_PL\" \/>\n\t\t<meta property=\"og:site_name\" content=\"naszabajka.pl\" \/>\n\t\t<meta property=\"og:type\" content=\"article\" \/>\n\t\t<meta property=\"og:title\" content=\"Tropimy lato! Zobacz, jak nasze Liski je odkrywa\u0142y\" \/>\n\t\t<meta property=\"og:description\" content=\"Lato tu\u017c-tu\u017c! \u2600\ufe0f Gdzie si\u0119 schowa\u0142o? Nasze Liski Urwiski postanowi\u0142y to sprawdzi\u0107! \ud83e\udd8a\ud83d\udd0dW nawi\u0105zaniu do wys\u0142uchanego opowiadania, dzieci wsp\u00f3lnie zastanawia\u0142y si\u0119, co w naszym ogrodzie mo\u017ce symbolizowa\u0107 t\u0119 por\u0119 roku. \ud83c\udf3f\ud83d\udd0d Nast\u0119pnie analizowa\u0142y ilustracje, okre\u015blaj\u0105c, kt\u00f3re z nich przedstawiaj\u0105 lato, a kt\u00f3re s\u0105 charakterystyczne dla innych p\u00f3r roku. \ud83c\udf38\u2744\ufe0f\ud83c\udf42 Takie zadania to \u015bwietna zabawa, podczas\" \/>\n\t\t<meta property=\"og:url\" content=\"https:\/\/naszabajka.pl\/bezrzecze\/2026\/tropimy-lato-zobacz-jak-nasze-liski-je-odkrywaly\" \/>\n\t\t<meta property=\"fb:app_id\" content=\"194990883884754\" \/>\n\t\t<meta property=\"fb:admins\" content=\"100000387067382\" \/>\n\t\t<meta property=\"og:image\" content=\"https:\/\/naszabajka.pl\/bezrzecze\/wp-content\/uploads\/2026\/06\/2026-06-30-23_02_29-Odtwarzacz-multimedialny.png\" \/>\n\t\t<meta property=\"og:image:secure_url\" content=\"https:\/\/naszabajka.pl\/bezrzecze\/wp-content\/uploads\/2026\/06\/2026-06-30-23_02_29-Odtwarzacz-multimedialny.png\" \/>\n\t\t<meta property=\"og:image:width\" content=\"526\" \/>\n\t\t<meta property=\"og:image:height\" content=\"658\" \/>\n\t\t<meta property=\"article:published_time\" content=\"2026-06-30T21:03:23+00:00\" \/>\n\t\t<meta property=\"article:modified_time\" content=\"2026-06-30T21:03:23+00:00\" \/>\n\t\t<meta property=\"article:publisher\" content=\"https:\/\/www.facebook.com\/naszabajka\" \/>\n\t\t<meta name=\"twitter:card\" content=\"summary\" \/>\n\t\t<meta name=\"twitter:title\" content=\"Tropimy lato! Zobacz, jak nasze Liski je odkrywa\u0142y\" \/>\n\t\t<meta name=\"twitter:description\" content=\"Lato tu\u017c-tu\u017c! \u2600\ufe0f Gdzie si\u0119 schowa\u0142o? Nasze Liski Urwiski postanowi\u0142y to sprawdzi\u0107! \ud83e\udd8a\ud83d\udd0dW nawi\u0105zaniu do wys\u0142uchanego opowiadania, dzieci wsp\u00f3lnie zastanawia\u0142y si\u0119, co w naszym ogrodzie mo\u017ce symbolizowa\u0107 t\u0119 por\u0119 roku. \ud83c\udf3f\ud83d\udd0d Nast\u0119pnie analizowa\u0142y ilustracje, okre\u015blaj\u0105c, kt\u00f3re z nich przedstawiaj\u0105 lato, a kt\u00f3re s\u0105 charakterystyczne dla innych p\u00f3r roku. \ud83c\udf38\u2744\ufe0f\ud83c\udf42 Takie zadania to \u015bwietna zabawa, podczas\" \/>\n\t\t<meta name=\"twitter:image\" content=\"https:\/\/naszabajka.pl\/bezrzecze\/wp-content\/uploads\/2026\/06\/2026-06-30-23_02_29-Odtwarzacz-multimedialny.png\" \/>\n\t\t<script type=\"application\/ld+json\" class=\"aioseo-schema\">\n\t\t\t{\"@context\":\"https:\\\/\\\/schema.org\",\"@graph\":[{\"@type\":\"Article\",\"@id\":\"https:\\\/\\\/naszabajka.pl\\\/bezrzecze\\\/2026\\\/tropimy-lato-zobacz-jak-nasze-liski-je-odkrywaly#article\",\"name\":\"Tropimy lato! Zobacz, jak nasze Liski je odkrywa\\u0142y\",\"headline\":\"Tropimy lato! Zobacz, jak nasze Liski je odkrywa\\u0142y\",\"author\":{\"@id\":\"https:\\\/\\\/naszabajka.pl\\\/bezrzecze\\\/author\\\/giveit#author\"},\"publisher\":{\"@id\":\"https:\\\/\\\/naszabajka.pl\\\/bezrzecze\\\/#organization\"},\"image\":{\"@type\":\"ImageObject\",\"url\":\"https:\\\/\\\/naszabajka.pl\\\/bezrzecze\\\/wp-content\\\/uploads\\\/2026\\\/06\\\/2026-06-30-23_02_29-Odtwarzacz-multimedialny.png\",\"width\":526,\"height\":658},\"datePublished\":\"2026-06-30T23:03:23+02:00\",\"dateModified\":\"2026-06-30T23:03:23+02:00\",\"inLanguage\":\"pl-PL\",\"mainEntityOfPage\":{\"@id\":\"https:\\\/\\\/naszabajka.pl\\\/bezrzecze\\\/2026\\\/tropimy-lato-zobacz-jak-nasze-liski-je-odkrywaly#webpage\"},\"isPartOf\":{\"@id\":\"https:\\\/\\\/naszabajka.pl\\\/bezrzecze\\\/2026\\\/tropimy-lato-zobacz-jak-nasze-liski-je-odkrywaly#webpage\"},\"articleSection\":\"Wydarzy\\u0142o si\\u0119\"},{\"@type\":\"BreadcrumbList\",\"@id\":\"https:\\\/\\\/naszabajka.pl\\\/bezrzecze\\\/2026\\\/tropimy-lato-zobacz-jak-nasze-liski-je-odkrywaly#breadcrumblist\",\"itemListElement\":[{\"@type\":\"ListItem\",\"@id\":\"https:\\\/\\\/naszabajka.pl\\\/bezrzecze#listItem\",\"position\":1,\"name\":\"Home\",\"item\":\"https:\\\/\\\/naszabajka.pl\\\/bezrzecze\",\"nextItem\":{\"@type\":\"ListItem\",\"@id\":\"https:\\\/\\\/naszabajka.pl\\\/bezrzecze\\\/aktualnosci\\\/wydarzenia#listItem\",\"name\":\"Wydarzy\\u0142o si\\u0119\"}},{\"@type\":\"ListItem\",\"@id\":\"https:\\\/\\\/naszabajka.pl\\\/bezrzecze\\\/aktualnosci\\\/wydarzenia#listItem\",\"position\":2,\"name\":\"Wydarzy\\u0142o si\\u0119\",\"item\":\"https:\\\/\\\/naszabajka.pl\\\/bezrzecze\\\/aktualnosci\\\/wydarzenia\",\"nextItem\":{\"@type\":\"ListItem\",\"@id\":\"https:\\\/\\\/naszabajka.pl\\\/bezrzecze\\\/2026\\\/tropimy-lato-zobacz-jak-nasze-liski-je-odkrywaly#listItem\",\"name\":\"Tropimy lato! Zobacz, jak nasze Liski je odkrywa\\u0142y\"},\"previousItem\":{\"@type\":\"ListItem\",\"@id\":\"https:\\\/\\\/naszabajka.pl\\\/bezrzecze#listItem\",\"name\":\"Home\"}},{\"@type\":\"ListItem\",\"@id\":\"https:\\\/\\\/naszabajka.pl\\\/bezrzecze\\\/2026\\\/tropimy-lato-zobacz-jak-nasze-liski-je-odkrywaly#listItem\",\"position\":3,\"name\":\"Tropimy lato! Zobacz, jak nasze Liski je odkrywa\\u0142y\",\"previousItem\":{\"@type\":\"ListItem\",\"@id\":\"https:\\\/\\\/naszabajka.pl\\\/bezrzecze\\\/aktualnosci\\\/wydarzenia#listItem\",\"name\":\"Wydarzy\\u0142o si\\u0119\"}}]},{\"@type\":\"Organization\",\"@id\":\"https:\\\/\\\/naszabajka.pl\\\/bezrzecze\\\/#organization\",\"name\":\"Przedszkole Niepubliczne Artystyczno-J\\u0119zykowe Nasza Bajka\",\"description\":\"Oferta przedszkola prywatnego. Kronika wydarze\\u0144, zdj\\u0119cia, komentarze.\",\"url\":\"https:\\\/\\\/naszabajka.pl\\\/bezrzecze\\\/\",\"telephone\":\"+48914872633\",\"logo\":{\"@type\":\"ImageObject\",\"url\":\"https:\\\/\\\/bezrzecze.naszabajka.pl\\\/wp-content\\\/uploads\\\/2019\\\/12\\\/logo-naszabajka-960-transp.png\",\"@id\":\"https:\\\/\\\/naszabajka.pl\\\/bezrzecze\\\/2026\\\/tropimy-lato-zobacz-jak-nasze-liski-je-odkrywaly\\\/#organizationLogo\"},\"image\":{\"@id\":\"https:\\\/\\\/naszabajka.pl\\\/bezrzecze\\\/2026\\\/tropimy-lato-zobacz-jak-nasze-liski-je-odkrywaly\\\/#organizationLogo\"}},{\"@type\":\"Person\",\"@id\":\"https:\\\/\\\/naszabajka.pl\\\/bezrzecze\\\/author\\\/giveit#author\",\"url\":\"https:\\\/\\\/naszabajka.pl\\\/bezrzecze\\\/author\\\/giveit\",\"name\":\"Arkadiusz\"},{\"@type\":\"WebPage\",\"@id\":\"https:\\\/\\\/naszabajka.pl\\\/bezrzecze\\\/2026\\\/tropimy-lato-zobacz-jak-nasze-liski-je-odkrywaly#webpage\",\"url\":\"https:\\\/\\\/naszabajka.pl\\\/bezrzecze\\\/2026\\\/tropimy-lato-zobacz-jak-nasze-liski-je-odkrywaly\",\"name\":\"Tropimy lato! Zobacz, jak nasze Liski je odkrywa\\u0142y\",\"description\":\"Lato tu\\u017c-tu\\u017c! \\u2600\\ufe0f Gdzie si\\u0119 schowa\\u0142o? Nasze Liski Urwiski postanowi\\u0142y to sprawdzi\\u0107! \\ud83e\\udd8a\\ud83d\\udd0dW nawi\\u0105zaniu do wys\\u0142uchanego opowiadania, dzieci wsp\\u00f3lnie zastanawia\\u0142y si\\u0119, co w naszym ogrodzie mo\\u017ce symbolizowa\\u0107 t\\u0119 por\\u0119 roku. \\ud83c\\udf3f\\ud83d\\udd0d Nast\\u0119pnie analizowa\\u0142y ilustracje, okre\\u015blaj\\u0105c, kt\\u00f3re z nich przedstawiaj\\u0105 lato, a kt\\u00f3re s\\u0105 charakterystyczne dla innych p\\u00f3r roku. \\ud83c\\udf38\\u2744\\ufe0f\\ud83c\\udf42 Takie zadania to \\u015bwietna zabawa, podczas\",\"inLanguage\":\"pl-PL\",\"isPartOf\":{\"@id\":\"https:\\\/\\\/naszabajka.pl\\\/bezrzecze\\\/#website\"},\"breadcrumb\":{\"@id\":\"https:\\\/\\\/naszabajka.pl\\\/bezrzecze\\\/2026\\\/tropimy-lato-zobacz-jak-nasze-liski-je-odkrywaly#breadcrumblist\"},\"author\":{\"@id\":\"https:\\\/\\\/naszabajka.pl\\\/bezrzecze\\\/author\\\/giveit#author\"},\"creator\":{\"@id\":\"https:\\\/\\\/naszabajka.pl\\\/bezrzecze\\\/author\\\/giveit#author\"},\"image\":{\"@type\":\"ImageObject\",\"url\":\"https:\\\/\\\/naszabajka.pl\\\/bezrzecze\\\/wp-content\\\/uploads\\\/2026\\\/06\\\/2026-06-30-23_02_29-Odtwarzacz-multimedialny.png\",\"@id\":\"https:\\\/\\\/naszabajka.pl\\\/bezrzecze\\\/2026\\\/tropimy-lato-zobacz-jak-nasze-liski-je-odkrywaly\\\/#mainImage\",\"width\":526,\"height\":658},\"primaryImageOfPage\":{\"@id\":\"https:\\\/\\\/naszabajka.pl\\\/bezrzecze\\\/2026\\\/tropimy-lato-zobacz-jak-nasze-liski-je-odkrywaly#mainImage\"},\"datePublished\":\"2026-06-30T23:03:23+02:00\",\"dateModified\":\"2026-06-30T23:03:23+02:00\"},{\"@type\":\"WebSite\",\"@id\":\"https:\\\/\\\/naszabajka.pl\\\/bezrzecze\\\/#website\",\"url\":\"https:\\\/\\\/naszabajka.pl\\\/bezrzecze\\\/\",\"name\":\"Przedszkole i \\u017b\\u0142obek - Strefa Kreatywnego Rozwoju Ma\\u0142ego Cz\\u0142owieka \\u201eNasza Bajka\\u201d\",\"description\":\"Oferta przedszkola prywatnego. Kronika wydarze\\u0144, zdj\\u0119cia, komentarze.\",\"inLanguage\":\"pl-PL\",\"publisher\":{\"@id\":\"https:\\\/\\\/naszabajka.pl\\\/bezrzecze\\\/#organization\"}}]}\n\t\t<\/script>\n\t\t<!-- All in One SEO -->\n\n","aioseo_head_json":{"title":"Tropimy lato! Zobacz, jak nasze Liski je odkrywa\u0142y","description":"Lato tu\u017c-tu\u017c! \u2600\ufe0f Gdzie si\u0119 schowa\u0142o? Nasze Liski Urwiski postanowi\u0142y to sprawdzi\u0107! \ud83e\udd8a\ud83d\udd0dW nawi\u0105zaniu do wys\u0142uchanego opowiadania, dzieci wsp\u00f3lnie zastanawia\u0142y si\u0119, co w naszym ogrodzie mo\u017ce symbolizowa\u0107 t\u0119 por\u0119 roku. \ud83c\udf3f\ud83d\udd0d Nast\u0119pnie analizowa\u0142y ilustracje, okre\u015blaj\u0105c, kt\u00f3re z nich przedstawiaj\u0105 lato, a kt\u00f3re s\u0105 charakterystyczne dla innych p\u00f3r roku. \ud83c\udf38\u2744\ufe0f\ud83c\udf42 Takie zadania to \u015bwietna zabawa, podczas","canonical_url":"https:\/\/naszabajka.pl\/bezrzecze\/2026\/tropimy-lato-zobacz-jak-nasze-liski-je-odkrywaly","robots":"max-snippet:-1, max-image-preview:large, max-video-preview:-1","keywords":"","webmasterTools":{"miscellaneous":"&lt;!-- Global site tag (gtag.js) - Google Analytics --&gt;\n&lt;script async src=\"https:\/\/www.googletagmanager.com\/gtag\/js?id=G-DXCMJG4BH6\"&gt;&lt;\/script&gt;\n&lt;script&gt;\n&nbsp;window.dataLayer = window.dataLayer || [];\n&nbsp;function gtag(){dataLayer.push(arguments);}\n&nbsp;gtag('js', new Date());\n\n&nbsp;gtag('config', 'G-DXCMJG4BH6');\n&lt;\/script&gt;"},"schema":{"@context":"https:\/\/schema.org","@graph":[{"@type":"Article","@id":"https:\/\/naszabajka.pl\/bezrzecze\/2026\/tropimy-lato-zobacz-jak-nasze-liski-je-odkrywaly#article","name":"Tropimy lato! Zobacz, jak nasze Liski je odkrywa\u0142y","headline":"Tropimy lato! Zobacz, jak nasze Liski je odkrywa\u0142y","author":{"@id":"https:\/\/naszabajka.pl\/bezrzecze\/author\/giveit#author"},"publisher":{"@id":"https:\/\/naszabajka.pl\/bezrzecze\/#organization"},"image":{"@type":"ImageObject","url":"https:\/\/naszabajka.pl\/bezrzecze\/wp-content\/uploads\/2026\/06\/2026-06-30-23_02_29-Odtwarzacz-multimedialny.png","width":526,"height":658},"datePublished":"2026-06-30T23:03:23+02:00","dateModified":"2026-06-30T23:03:23+02:00","inLanguage":"pl-PL","mainEntityOfPage":{"@id":"https:\/\/naszabajka.pl\/bezrzecze\/2026\/tropimy-lato-zobacz-jak-nasze-liski-je-odkrywaly#webpage"},"isPartOf":{"@id":"https:\/\/naszabajka.pl\/bezrzecze\/2026\/tropimy-lato-zobacz-jak-nasze-liski-je-odkrywaly#webpage"},"articleSection":"Wydarzy\u0142o si\u0119"},{"@type":"BreadcrumbList","@id":"https:\/\/naszabajka.pl\/bezrzecze\/2026\/tropimy-lato-zobacz-jak-nasze-liski-je-odkrywaly#breadcrumblist","itemListElement":[{"@type":"ListItem","@id":"https:\/\/naszabajka.pl\/bezrzecze#listItem","position":1,"name":"Home","item":"https:\/\/naszabajka.pl\/bezrzecze","nextItem":{"@type":"ListItem","@id":"https:\/\/naszabajka.pl\/bezrzecze\/aktualnosci\/wydarzenia#listItem","name":"Wydarzy\u0142o si\u0119"}},{"@type":"ListItem","@id":"https:\/\/naszabajka.pl\/bezrzecze\/aktualnosci\/wydarzenia#listItem","position":2,"name":"Wydarzy\u0142o si\u0119","item":"https:\/\/naszabajka.pl\/bezrzecze\/aktualnosci\/wydarzenia","nextItem":{"@type":"ListItem","@id":"https:\/\/naszabajka.pl\/bezrzecze\/2026\/tropimy-lato-zobacz-jak-nasze-liski-je-odkrywaly#listItem","name":"Tropimy lato! Zobacz, jak nasze Liski je odkrywa\u0142y"},"previousItem":{"@type":"ListItem","@id":"https:\/\/naszabajka.pl\/bezrzecze#listItem","name":"Home"}},{"@type":"ListItem","@id":"https:\/\/naszabajka.pl\/bezrzecze\/2026\/tropimy-lato-zobacz-jak-nasze-liski-je-odkrywaly#listItem","position":3,"name":"Tropimy lato! Zobacz, jak nasze Liski je odkrywa\u0142y","previousItem":{"@type":"ListItem","@id":"https:\/\/naszabajka.pl\/bezrzecze\/aktualnosci\/wydarzenia#listItem","name":"Wydarzy\u0142o si\u0119"}}]},{"@type":"Organization","@id":"https:\/\/naszabajka.pl\/bezrzecze\/#organization","name":"Przedszkole Niepubliczne Artystyczno-J\u0119zykowe Nasza Bajka","description":"Oferta przedszkola prywatnego. Kronika wydarze\u0144, zdj\u0119cia, komentarze.","url":"https:\/\/naszabajka.pl\/bezrzecze\/","telephone":"+48914872633","logo":{"@type":"ImageObject","url":"https:\/\/bezrzecze.naszabajka.pl\/wp-content\/uploads\/2019\/12\/logo-naszabajka-960-transp.png","@id":"https:\/\/naszabajka.pl\/bezrzecze\/2026\/tropimy-lato-zobacz-jak-nasze-liski-je-odkrywaly\/#organizationLogo"},"image":{"@id":"https:\/\/naszabajka.pl\/bezrzecze\/2026\/tropimy-lato-zobacz-jak-nasze-liski-je-odkrywaly\/#organizationLogo"}},{"@type":"Person","@id":"https:\/\/naszabajka.pl\/bezrzecze\/author\/giveit#author","url":"https:\/\/naszabajka.pl\/bezrzecze\/author\/giveit","name":"Arkadiusz"},{"@type":"WebPage","@id":"https:\/\/naszabajka.pl\/bezrzecze\/2026\/tropimy-lato-zobacz-jak-nasze-liski-je-odkrywaly#webpage","url":"https:\/\/naszabajka.pl\/bezrzecze\/2026\/tropimy-lato-zobacz-jak-nasze-liski-je-odkrywaly","name":"Tropimy lato! Zobacz, jak nasze Liski je odkrywa\u0142y","description":"Lato tu\u017c-tu\u017c! \u2600\ufe0f Gdzie si\u0119 schowa\u0142o? Nasze Liski Urwiski postanowi\u0142y to sprawdzi\u0107! \ud83e\udd8a\ud83d\udd0dW nawi\u0105zaniu do wys\u0142uchanego opowiadania, dzieci wsp\u00f3lnie zastanawia\u0142y si\u0119, co w naszym ogrodzie mo\u017ce symbolizowa\u0107 t\u0119 por\u0119 roku. \ud83c\udf3f\ud83d\udd0d Nast\u0119pnie analizowa\u0142y ilustracje, okre\u015blaj\u0105c, kt\u00f3re z nich przedstawiaj\u0105 lato, a kt\u00f3re s\u0105 charakterystyczne dla innych p\u00f3r roku. \ud83c\udf38\u2744\ufe0f\ud83c\udf42 Takie zadania to \u015bwietna zabawa, podczas","inLanguage":"pl-PL","isPartOf":{"@id":"https:\/\/naszabajka.pl\/bezrzecze\/#website"},"breadcrumb":{"@id":"https:\/\/naszabajka.pl\/bezrzecze\/2026\/tropimy-lato-zobacz-jak-nasze-liski-je-odkrywaly#breadcrumblist"},"author":{"@id":"https:\/\/naszabajka.pl\/bezrzecze\/author\/giveit#author"},"creator":{"@id":"https:\/\/naszabajka.pl\/bezrzecze\/author\/giveit#author"},"image":{"@type":"ImageObject","url":"https:\/\/naszabajka.pl\/bezrzecze\/wp-content\/uploads\/2026\/06\/2026-06-30-23_02_29-Odtwarzacz-multimedialny.png","@id":"https:\/\/naszabajka.pl\/bezrzecze\/2026\/tropimy-lato-zobacz-jak-nasze-liski-je-odkrywaly\/#mainImage","width":526,"height":658},"primaryImageOfPage":{"@id":"https:\/\/naszabajka.pl\/bezrzecze\/2026\/tropimy-lato-zobacz-jak-nasze-liski-je-odkrywaly#mainImage"},"datePublished":"2026-06-30T23:03:23+02:00","dateModified":"2026-06-30T23:03:23+02:00"},{"@type":"WebSite","@id":"https:\/\/naszabajka.pl\/bezrzecze\/#website","url":"https:\/\/naszabajka.pl\/bezrzecze\/","name":"Przedszkole i \u017b\u0142obek - Strefa Kreatywnego Rozwoju Ma\u0142ego Cz\u0142owieka \u201eNasza Bajka\u201d","description":"Oferta przedszkola prywatnego. Kronika wydarze\u0144, zdj\u0119cia, komentarze.","inLanguage":"pl-PL","publisher":{"@id":"https:\/\/naszabajka.pl\/bezrzecze\/#organization"}}]},"og:locale":"pl_PL","og:site_name":"naszabajka.pl","og:type":"article","og:title":"Tropimy lato! Zobacz, jak nasze Liski je odkrywa\u0142y","og:description":"Lato tu\u017c-tu\u017c! \u2600\ufe0f Gdzie si\u0119 schowa\u0142o? Nasze Liski Urwiski postanowi\u0142y to sprawdzi\u0107! \ud83e\udd8a\ud83d\udd0dW nawi\u0105zaniu do wys\u0142uchanego opowiadania, dzieci wsp\u00f3lnie zastanawia\u0142y si\u0119, co w naszym ogrodzie mo\u017ce symbolizowa\u0107 t\u0119 por\u0119 roku. \ud83c\udf3f\ud83d\udd0d Nast\u0119pnie analizowa\u0142y ilustracje, okre\u015blaj\u0105c, kt\u00f3re z nich przedstawiaj\u0105 lato, a kt\u00f3re s\u0105 charakterystyczne dla innych p\u00f3r roku. \ud83c\udf38\u2744\ufe0f\ud83c\udf42 Takie zadania to \u015bwietna zabawa, podczas","og:url":"https:\/\/naszabajka.pl\/bezrzecze\/2026\/tropimy-lato-zobacz-jak-nasze-liski-je-odkrywaly","fb:app_id":"194990883884754","fb:admins":"100000387067382","og:image":"https:\/\/naszabajka.pl\/bezrzecze\/wp-content\/uploads\/2026\/06\/2026-06-30-23_02_29-Odtwarzacz-multimedialny.png","og:image:secure_url":"https:\/\/naszabajka.pl\/bezrzecze\/wp-content\/uploads\/2026\/06\/2026-06-30-23_02_29-Odtwarzacz-multimedialny.png","og:image:width":526,"og:image:height":658,"article:published_time":"2026-06-30T21:03:23+00:00","article:modified_time":"2026-06-30T21:03:23+00:00","article:publisher":"https:\/\/www.facebook.com\/naszabajka","twitter:card":"summary","twitter:title":"Tropimy lato! Zobacz, jak nasze Liski je odkrywa\u0142y","twitter:description":"Lato tu\u017c-tu\u017c! \u2600\ufe0f Gdzie si\u0119 schowa\u0142o? Nasze Liski Urwiski postanowi\u0142y to sprawdzi\u0107! \ud83e\udd8a\ud83d\udd0dW nawi\u0105zaniu do wys\u0142uchanego opowiadania, dzieci wsp\u00f3lnie zastanawia\u0142y si\u0119, co w naszym ogrodzie mo\u017ce symbolizowa\u0107 t\u0119 por\u0119 roku. \ud83c\udf3f\ud83d\udd0d Nast\u0119pnie analizowa\u0142y ilustracje, okre\u015blaj\u0105c, kt\u00f3re z nich przedstawiaj\u0105 lato, a kt\u00f3re s\u0105 charakterystyczne dla innych p\u00f3r roku. \ud83c\udf38\u2744\ufe0f\ud83c\udf42 Takie zadania to \u015bwietna zabawa, podczas","twitter:image":"https:\/\/naszabajka.pl\/bezrzecze\/wp-content\/uploads\/2026\/06\/2026-06-30-23_02_29-Odtwarzacz-multimedialny.png"},"aioseo_meta_data":{"post_id":"55780","title":null,"description":null,"keywords":null,"keyphrases":{"focus":{"keyphrase":"","score":0,"analysis":{"keyphraseInTitle":{"score":0,"maxScore":9,"error":1}}},"additional":[]},"primary_term":null,"canonical_url":null,"og_title":null,"og_description":null,"og_object_type":"default","og_image_type":"default","og_image_url":null,"og_image_width":null,"og_image_height":null,"og_image_custom_url":null,"og_image_custom_fields":null,"og_video":"","og_custom_url":null,"og_article_section":null,"og_article_tags":null,"twitter_use_og":false,"twitter_card":"default","twitter_image_type":"default","twitter_image_url":null,"twitter_image_custom_url":null,"twitter_image_custom_fields":null,"twitter_title":null,"twitter_description":null,"schema":{"blockGraphs":[],"customGraphs":[],"default":{"data":{"Article":[],"Course":[],"Dataset":[],"FAQPage":[],"Movie":[],"Person":[],"Product":[],"ProductReview":[],"Car":[],"Recipe":[],"Service":[],"SoftwareApplication":[],"WebPage":[]},"graphName":"Article","isEnabled":true},"graphs":[]},"schema_type":"default","schema_type_options":null,"pillar_content":false,"robots_default":true,"robots_noindex":false,"robots_noarchive":false,"robots_nosnippet":false,"robots_nofollow":false,"robots_noimageindex":false,"robots_noodp":false,"robots_notranslate":false,"robots_max_snippet":"-1","robots_max_videopreview":"-1","robots_max_imagepreview":"large","priority":null,"frequency":"default","local_seo":null,"breadcrumb_settings":null,"limit_modified_date":false,"ai":{"faqs":[],"keyPoints":[],"schemas":[],"titles":[],"descriptions":[],"socialPosts":{"email":[],"linkedin":[],"twitter":[],"facebook":[],"instagram":[]}},"created":"2026-06-30 21:02:54","updated":"2026-07-05 12:07:28","seo_analyzer_scan_date":null},"aioseo_breadcrumb":"<div class=\"aioseo-breadcrumbs\"><span class=\"aioseo-breadcrumb\">\n\t\t\t<a href=\"https:\/\/naszabajka.pl\/bezrzecze\" title=\"Home\">Home<\/a>\n\t\t<\/span><span class=\"aioseo-breadcrumb-separator\">&raquo;<\/span><span class=\"aioseo-breadcrumb\">\n\t\t\t<a href=\"https:\/\/naszabajka.pl\/bezrzecze\/aktualnosci\/wydarzenia\" title=\"Wydarzy\u0142o si\u0119\">Wydarzy\u0142o si\u0119<\/a>\n\t\t<\/span><span class=\"aioseo-breadcrumb-separator\">&raquo;<\/span><span class=\"aioseo-breadcrumb\">\n\t\t\tTropimy lato! Zobacz, jak nasze Liski je odkrywa\u0142y\n\t\t<\/span><\/div>","aioseo_breadcrumb_json":[{"label":"Home","link":"https:\/\/naszabajka.pl\/bezrzecze"},{"label":"Wydarzy\u0142o si\u0119","link":"https:\/\/naszabajka.pl\/bezrzecze\/aktualnosci\/wydarzenia"},{"label":"Tropimy lato! Zobacz, jak nasze Liski je odkrywa\u0142y","link":"https:\/\/naszabajka.pl\/bezrzecze\/2026\/tropimy-lato-zobacz-jak-nasze-liski-je-odkrywaly"}],"_links":{"self":[{"href":"https:\/\/naszabajka.pl\/bezrzecze\/wp-json\/wp\/v2\/posts\/55780","targetHints":{"allow":["GET"]}}],"collection":[{"href":"https:\/\/naszabajka.pl\/bezrzecze\/wp-json\/wp\/v2\/posts"}],"about":[{"href":"https:\/\/naszabajka.pl\/bezrzecze\/wp-json\/wp\/v2\/types\/post"}],"author":[{"embeddable":true,"href":"https:\/\/naszabajka.pl\/bezrzecze\/wp-json\/wp\/v2\/users\/39"}],"replies":[{"embeddable":true,"href":"https:\/\/naszabajka.pl\/bezrzecze\/wp-json\/wp\/v2\/comments?post=55780"}],"version-history":[{"count":1,"href":"https:\/\/naszabajka.pl\/bezrzecze\/wp-json\/wp\/v2\/posts\/55780\/revisions"}],"predecessor-version":[{"id":55781,"href":"https:\/\/naszabajka.pl\/bezrzecze\/wp-json\/wp\/v2\/posts\/55780\/revisions\/55781"}],"wp:featuredmedia":[{"embeddable":true,"href":"https:\/\/naszabajka.pl\/bezrzecze\/wp-json\/wp\/v2\/media\/55779"}],"wp:attachment":[{"href":"https:\/\/naszabajka.pl\/bezrzecze\/wp-json\/wp\/v2\/media?parent=55780"}],"wp:term":[{"taxonomy":"category","embeddable":true,"href":"https:\/\/naszabajka.pl\/bezrzecze\/wp-json\/wp\/v2\/categories?post=55780"},{"taxonomy":"post_tag","embeddable":true,"href":"https:\/\/naszabajka.pl\/bezrzecze\/wp-json\/wp\/v2\/tags?post=55780"}],"curies":[{"name":"wp","href":"https:\/\/api.w.org\/{rel}","templated":true}]}}